{"id":393278,"date":"2016-05-01T13:53:20","date_gmt":"2016-05-01T19:53:20","guid":{"rendered":"http:\/\/www.futboltotal.com.mx\/?p=393278"},"modified":"2016-05-01T13:53:20","modified_gmt":"2016-05-01T19:53:20","slug":"cardozo-se-va-dt-tira-la-toalla","status":"publish","type":"post","link":"http:\/\/desarrollo.grupomedios.com\/futbol\/destacado-home\/cardozo-se-va-dt-tira-la-toalla\/2016\/05","title":{"rendered":"\u00a1Cardozo se va! El DT del Toluca tira la toalla&#8230;"},"content":{"rendered":"<p>Hace un par de semanas,<strong> Jos\u00e9 Cardozo<\/strong>\u00a0lanz\u00f3 una contundente advertencia: si\u00a0<strong><a href=\"http:\/\/www.futboltotal.com.mx\/equipos\/toluca\/\" target=\"_blank\">Toluca<\/a><\/strong>\u00a0no avanza a la liguilla renuncia como t\u00e9cnico de los\u00a0<em>Diablos Rojos<\/em>. Y tras confirmarse la eliminaci\u00f3n del cuadro <em>choricero<\/em> del Clausura 2016, el entrenador paraguayo reiter\u00f3 su postura.<\/p>\n<p>&#8220;Dije que si no clasificaba me voy&#8221;, dijo este domingo\u00a0<strong>Jos\u00e9 Cardozo<\/strong>. &#8220;Me hubiera ido hoy mismo, pero soy responsable y me quedan dos partidos&#8221;, agrego el entrenador del <strong>Toluca<\/strong>.<\/p>\n<blockquote class=\"twitter-tweet\" data-lang=\"es\">\n<p dir=\"ltr\" lang=\"es\">&#8220;Mi respeto y mi agradecimiento a la gente que viene al estadio, la decisi\u00f3n est\u00e1 tomada&#8221;: Cardozo <a href=\"https:\/\/t.co\/p2muWICSQ0\">pic.twitter.com\/p2muWICSQ0<\/a><\/p>\n<p>\u2014 Toluca FC (@TolucaFC) <a href=\"https:\/\/twitter.com\/TolucaFC\/status\/726858185626144768\">1 de mayo de 2016<\/a><\/p><\/blockquote>\n<p><script src=\"\/\/platform.twitter.com\/widgets.js\" async=\"\" charset=\"utf-8\"><\/script><\/p>\n<p><strong>Jos\u00e9<\/strong> <strong>Cardozo<\/strong> dirigir\u00e1 el \u00faltimo de liga, el pr\u00f3ximo s\u00e1bado ante Monterrey,\u00a0y hasta donde llegue en la Copa Libertadores,\u00a0torneo donde el mi\u00e9rcoles buscar\u00e1 darle la vuelta a un complicado marcador (0-4) ante el Sao Paulo, en busca de su pase a los Cuartos\u00a0de Final.<\/p>\n<p style=\"text-align: center;\"><span style=\"color: #3366ff;\"><strong><a style=\"color: #3366ff;\" href=\"http:\/\/www.futboltotal.com.mx\/2016\/04\/copa-libertadores-sao-paulo-4-0-toluca\/\">LEER M\u00c1S: Toluca vive un infierno en Brasil<\/a><\/strong><\/span><\/p>\n<p>Ante esta situaci\u00f3n, toma fuerza el rumor sobre la llegada de\u00a0Jos\u00e9 Manuel de la Torre a<strong> Toluca<\/strong>, desde hace varios semanas trasciende que de cara al Apertura 2016, el\u00a0<em>Chepo<\/em>\u00a0se perfila como el sucesor de <strong>Jos\u00e9 Cardozo<\/strong> en la direcci\u00f3n t\u00e9cnica de los\u00a0<a href=\"http:\/\/www.futboltotal.com.mx\/equipos\/toluca\/\" target=\"_blank\"><em>Diablos Rojos<\/em>\u00a0del\u00a0<strong>Toluca<\/strong><\/a>.<\/p>\n<p>Entorno al rumor, se apunta que la directiva del\u00a0<strong>Toluca<\/strong>\u00a0busca los servicios de Severo Meza (Dorados de Sinaloa) y Jes\u00fas Zavala (<em>Rayados\u00a0<\/em>de Monterrey), jugadores de confianza del\u00a0<em>Chepo<\/em>\u00a0en su etapa como DT de la Selecci\u00f3n Mexicana.<\/p>\n","protected":false},"excerpt":{"rendered":"<p>&#8220;Me hubiera ido hoy mismo, pero soy responsable&#8230;&#8221;, sentenci\u00f3<\/p>\n","protected":false},"author":20,"featured_media":393281,"comment_status":"closed","ping_status":"closed","sticky":false,"template":"","format":"standard","meta":[],"categories":[5,2198,3845],"tags":[4235,5975],"_links":{"self":[{"href":"http:\/\/desarrollo.grupomedios.com\/futbol\/wp-json\/wp\/v2\/posts\/393278"}],"collection":[{"href":"http:\/\/desarrollo.grupomedios.com\/futbol\/wp-json\/wp\/v2\/posts"}],"about":[{"href":"http:\/\/desarrollo.grupomedios.com\/futbol\/wp-json\/wp\/v2\/types\/post"}],"author":[{"embeddable":true,"href":"http:\/\/desarrollo.grupomedios.com\/futbol\/wp-json\/wp\/v2\/users\/20"}],"replies":[{"embeddable":true,"href":"http:\/\/desarrollo.grupomedios.com\/futbol\/wp-json\/wp\/v2\/comments?post=393278"}],"version-history":[{"count":0,"href":"http:\/\/desarrollo.grupomedios.com\/futbol\/wp-json\/wp\/v2\/posts\/393278\/revisions"}],"wp:featuredmedia":[{"embeddable":true,"href":"http:\/\/desarrollo.grupomedios.com\/futbol\/wp-json\/wp\/v2\/media\/393281"}],"wp:attachment":[{"href":"http:\/\/desarrollo.grupomedios.com\/futbol\/wp-json\/wp\/v2\/media?parent=393278"}],"wp:term":[{"taxonomy":"category","embeddable":true,"href":"http:\/\/desarrollo.grupomedios.com\/futbol\/wp-json\/wp\/v2\/categories?post=393278"},{"taxonomy":"post_tag","embeddable":true,"href":"http:\/\/desarrollo.grupomedios.com\/futbol\/wp-json\/wp\/v2\/tags?post=393278"}],"curies":[{"name":"wp","href":"https:\/\/api.w.org\/{rel}","templated":true}]}}