{"id":393288,"date":"2016-05-01T14:46:27","date_gmt":"2016-05-01T20:46:27","guid":{"rendered":"http:\/\/www.futboltotal.com.mx\/?p=393288"},"modified":"2016-05-01T14:58:06","modified_gmt":"2016-05-01T20:58:06","slug":"necaxa-amuleto-ignacio-ambriz","status":"publish","type":"post","link":"http:\/\/desarrollo.grupomedios.com\/futbol\/futbol-mexicano\/necaxa-amuleto-ignacio-ambriz\/2016\/05","title":{"rendered":"Necaxa, \u00a1\u00bfel amuleto de Ignacio Ambriz?!"},"content":{"rendered":"<p>Parece que <strong>Ignacio Ambriz<\/strong> no olvida su pasado, y es que como futbolista vivi\u00f3 su mejor \u00e9poca con los <strong>Rayos del Necaxa<\/strong>, al ser bicampe\u00f3n con el equipo en las temporadas 1994-95 y 1995-96, y tercer lugar en el Mundial de Clubes de 2000; por ello, en cada partido lleva un fondo de pantalla singular.<\/p>\n<p>De acuerdo al diario <em>El Universal<\/em>, <strong>Ignacio Ambriz<\/strong> llevaba consigo, por lo menos hasta el d\u00eda de la final de Concachampions entre <strong><a href=\"http:\/\/futboltotal.com.mx\/equipos\/america\/\" target=\"_blank\">Am\u00e9rica<\/a><\/strong> y Tigres, un fondo de pantalla donde luce \u00e9l cuando jugaba con el <strong>Necaxa<\/strong> y levantando el trofeo de campe\u00f3n.<\/p>\n<p style=\"text-align: center;\"><span style=\"color: #3366ff;\"><strong><a style=\"color: #3366ff;\" href=\"http:\/\/www.futboltotal.com.mx\/2016\/05\/definida-la-final-del-ascenso-mx\/\" target=\"_blank\">LEER M\u00c1S: Lista la final del Ascenso MX<\/a><\/strong><\/span><\/p>\n<p>Pero ese fetiche que not\u00f3 el diario de circulaci\u00f3n nacional, no es lo \u00fanico que <strong>Ignacio Ambriz<\/strong> lleva del <strong>Necaxa<\/strong> consigo, desde que tom\u00f3 el tim\u00f3n del <strong>Am\u00e9rica<\/strong>, pues, en el banquillo <em>azulcrema<\/em>, lo acompa\u00f1an dos auxiliares que jugaron con \u00e9l en los <em>Rayos<\/em>: Gerardo Esquivel, y Edgar Solano.<\/p>\n<p>Su pasado con <strong>Necaxa<\/strong> fue exitoso, y ahora como estratega ya cuenta con un t\u00edtulo, y al parecer va por m\u00e1s; curiosamente, el buen momento de <strong>Ignacio Ambriz<\/strong>, tambi\u00e9n coincide con el de los <em>Rayos<\/em> en este semestre, pues los rojiblancos son subcampeones de la Copa MX y finalistas del Ascenso MX.<\/p>\n","protected":false},"excerpt":{"rendered":"<p>El estratega aparentemente porta recuerdos de los Rayos<\/p>\n","protected":false},"author":20,"featured_media":393291,"comment_status":"closed","ping_status":"closed","sticky":false,"template":"","format":"standard","meta":[],"categories":[2198,3845,5950],"tags":[5959,511,261],"_links":{"self":[{"href":"http:\/\/desarrollo.grupomedios.com\/futbol\/wp-json\/wp\/v2\/posts\/393288"}],"collection":[{"href":"http:\/\/desarrollo.grupomedios.com\/futbol\/wp-json\/wp\/v2\/posts"}],"about":[{"href":"http:\/\/desarrollo.grupomedios.com\/futbol\/wp-json\/wp\/v2\/types\/post"}],"author":[{"embeddable":true,"href":"http:\/\/desarrollo.grupomedios.com\/futbol\/wp-json\/wp\/v2\/users\/20"}],"replies":[{"embeddable":true,"href":"http:\/\/desarrollo.grupomedios.com\/futbol\/wp-json\/wp\/v2\/comments?post=393288"}],"version-history":[{"count":0,"href":"http:\/\/desarrollo.grupomedios.com\/futbol\/wp-json\/wp\/v2\/posts\/393288\/revisions"}],"wp:featuredmedia":[{"embeddable":true,"href":"http:\/\/desarrollo.grupomedios.com\/futbol\/wp-json\/wp\/v2\/media\/393291"}],"wp:attachment":[{"href":"http:\/\/desarrollo.grupomedios.com\/futbol\/wp-json\/wp\/v2\/media?parent=393288"}],"wp:term":[{"taxonomy":"category","embeddable":true,"href":"http:\/\/desarrollo.grupomedios.com\/futbol\/wp-json\/wp\/v2\/categories?post=393288"},{"taxonomy":"post_tag","embeddable":true,"href":"http:\/\/desarrollo.grupomedios.com\/futbol\/wp-json\/wp\/v2\/tags?post=393288"}],"curies":[{"name":"wp","href":"https:\/\/api.w.org\/{rel}","templated":true}]}}