{"id":393289,"date":"2016-05-01T14:46:31","date_gmt":"2016-05-01T20:46:31","guid":{"rendered":"http:\/\/www.futboltotal.com.mx\/?p=393289"},"modified":"2016-05-01T14:46:34","modified_gmt":"2016-05-01T20:46:34","slug":"messi-uniforme-del-leicester","status":"publish","type":"post","link":"http:\/\/desarrollo.grupomedios.com\/futbol\/futbol-internacional\/messi-uniforme-del-leicester\/2016\/05","title":{"rendered":"\u00bfMessi, con el uniforme del Leicester?"},"content":{"rendered":"<p>\u201c\u00bfQue el <i>Bar\u00e7a<\/i> quiere a Kasper Schmeichel? Fant\u00e1stico\u201d, dijo Claudio Ranieri, t\u00e9cnico del <b>Licester City<\/b>. \u201c\u00bfCu\u00e1nto est\u00e1n dispuestos a pagar? Podemos hacer un trueque: Schmeichel por <b>Messi<\/b>, eso me parecer\u00eda justo\u201d, agreg\u00f3 de manera sarc\u00e1stica el entrenador del sorpresivo equipo de la Liga Premier.<\/p>\n<p>La singular reacci\u00f3n de Raniere llega ante el rumor sobre el inter\u00e9s del Barcelona por el portero dan\u00e9s Kasper Schmeichel. Y la peculiar declaraci\u00f3n provoc\u00f3 que el medio brit\u00e1nico <i>Mirror<\/i> vistiera (v\u00eda fotomontaje) a <b>Lionel Messi<\/b> con la camiseta del <b>Leicester<\/b>, el cuadro secci\u00f3n de Inglaterra.<\/p>\n<p><a href=\"http:\/\/www.futboltotal.com.mx\/2016\/05\/messi-uniforme-del-leicester\/messi-leicester\/\" rel=\"attachment wp-att-393290\"><img decoding=\"async\" loading=\"lazy\" class=\"aligncenter size-full wp-image-393290\" src=\"http:\/\/www.futboltotal.com.mx\/wp-content\/uploads\/2016\/05\/messi-leicester.jpg\" alt=\"messi-leicester\" srcset=\"http:\/\/desarrollo.grupomedios.com\/futbol\/wp-content\/uploads\/2016\/05\/messi-leicester.jpg 700w, http:\/\/desarrollo.grupomedios.com\/futbol\/wp-content\/uploads\/2016\/05\/messi-leicester-300x152.jpg 300w\" sizes=\"(max-width: 700px) 100vw, 700px\" \/><\/a><\/p>\n<p>Sobre presunto inter\u00e9s del Barcelona en el portero dan\u00e9s, diversos medios ingleses han asegurando que el cuadro espa\u00f1ol estar\u00eda dispuesto a desembolsar unos 19 millones de euros por\u00a0Kasper, quien\u00a0tiene 29 a\u00f1os y contrato con el <b>Leicester<\/b> hasta junio de 2018.<\/p>\n<p>El hijo de Peter Schmeichel, uno de los iconos del Manchester United, es manejado como posible recambio de Marc-Andr\u00e9 Ter Stegen, en caso de que el alem\u00e1n decidiera dejar el <i>Bar\u00e7a<\/i>.<\/p>\n","protected":false},"excerpt":{"rendered":"<p>Declaraciones de Ranieri provocan la creaci\u00f3n de la singular imagen<\/p>\n","protected":false},"author":20,"featured_media":387701,"comment_status":"closed","ping_status":"closed","sticky":false,"template":"","format":"standard","meta":[],"categories":[3839,3846],"tags":[775,6012],"_links":{"self":[{"href":"http:\/\/desarrollo.grupomedios.com\/futbol\/wp-json\/wp\/v2\/posts\/393289"}],"collection":[{"href":"http:\/\/desarrollo.grupomedios.com\/futbol\/wp-json\/wp\/v2\/posts"}],"about":[{"href":"http:\/\/desarrollo.grupomedios.com\/futbol\/wp-json\/wp\/v2\/types\/post"}],"author":[{"embeddable":true,"href":"http:\/\/desarrollo.grupomedios.com\/futbol\/wp-json\/wp\/v2\/users\/20"}],"replies":[{"embeddable":true,"href":"http:\/\/desarrollo.grupomedios.com\/futbol\/wp-json\/wp\/v2\/comments?post=393289"}],"version-history":[{"count":0,"href":"http:\/\/desarrollo.grupomedios.com\/futbol\/wp-json\/wp\/v2\/posts\/393289\/revisions"}],"wp:featuredmedia":[{"embeddable":true,"href":"http:\/\/desarrollo.grupomedios.com\/futbol\/wp-json\/wp\/v2\/media\/387701"}],"wp:attachment":[{"href":"http:\/\/desarrollo.grupomedios.com\/futbol\/wp-json\/wp\/v2\/media?parent=393289"}],"wp:term":[{"taxonomy":"category","embeddable":true,"href":"http:\/\/desarrollo.grupomedios.com\/futbol\/wp-json\/wp\/v2\/categories?post=393289"},{"taxonomy":"post_tag","embeddable":true,"href":"http:\/\/desarrollo.grupomedios.com\/futbol\/wp-json\/wp\/v2\/tags?post=393289"}],"curies":[{"name":"wp","href":"https:\/\/api.w.org\/{rel}","templated":true}]}}