{"id":393440,"date":"2016-05-02T08:54:49","date_gmt":"2016-05-02T14:54:49","guid":{"rendered":"http:\/\/www.futboltotal.com.mx\/?p=393440"},"modified":"2016-05-02T15:44:05","modified_gmt":"2016-05-02T21:44:05","slug":"once-ideal-la-jornada-16-del-clausura-2016","status":"publish","type":"post","link":"http:\/\/desarrollo.grupomedios.com\/futbol\/futbol-mexicano\/once-ideal-la-jornada-16-del-clausura-2016\/2016\/05","title":{"rendered":"\u00a1Los h\u00e9roes de la jornada 16!"},"content":{"rendered":"<p>La jornada 16 qued\u00f3 marcada por la clasificaci\u00f3n de cuatro equipos a la liguilla, por lo que queda s\u00f3lo un boleto en disputa; varios de los jugadores de esos equipos que consiguieron el boleto, se encuentran en el <strong>Once ideal<\/strong> de esta fecha, y tambi\u00e9n, algunos futbolistas, que aunque su club ya est\u00e1 eliminado, se entregaron al ciento por ciento.<\/p>\n<p style=\"text-align: center;\"><span style=\"color: #3366ff;\"><strong><a style=\"color: #3366ff;\" href=\"http:\/\/www.futboltotal.com.mx\/2016\/05\/liguilla-al-momento-clausura-2016\/\" target=\"_blank\">LEER M\u00c1S: La liguilla al momento&#8230;<\/a><\/strong><\/span><\/p>\n<p><a href=\"http:\/\/www.futboltotal.com.mx\/wp-content\/uploads\/2016\/05\/11_ideal_jornada-16-clausura-2016.jpg\" rel=\"attachment wp-att-393441\"><img decoding=\"async\" loading=\"lazy\" class=\"alignnone size-full wp-image-393441\" src=\"http:\/\/www.futboltotal.com.mx\/wp-content\/uploads\/2016\/05\/11_ideal_jornada-16-clausura-2016.jpg\" alt=\"11_ideal_jornada-16-clausura-2016\" srcset=\"http:\/\/desarrollo.grupomedios.com\/futbol\/wp-content\/uploads\/2016\/05\/11_ideal_jornada-16-clausura-2016.jpg 820w, http:\/\/desarrollo.grupomedios.com\/futbol\/wp-content\/uploads\/2016\/05\/11_ideal_jornada-16-clausura-2016-222x300.jpg 222w, http:\/\/desarrollo.grupomedios.com\/futbol\/wp-content\/uploads\/2016\/05\/11_ideal_jornada-16-clausura-2016-768x1040.jpg 768w, http:\/\/desarrollo.grupomedios.com\/futbol\/wp-content\/uploads\/2016\/05\/11_ideal_jornada-16-clausura-2016-756x1024.jpg 756w\" sizes=\"(max-width: 820px) 100vw, 820px\" \/><\/a><\/p>\n<p><em>Portero<\/em><\/p>\n<p><strong>Rodolfo Cota | Chivas<\/strong> | Salvo la anotaci\u00f3n de Caraglio, no hubo bal\u00f3n que no detuviera el cancerbero del Guadalajara, que con esas actuaciones, no quiere soltar la titularidad.<\/p>\n<p><em>Defensas<\/em><\/p>\n<p><strong>Carlos Morales | Morelia<\/strong> | El eterno jugador de Monarcas sigue demostrando por qu\u00e9 es el alma del equipo, y con un gol, colabor\u00f3 a la victoria de la clasificaci\u00f3n.<\/p>\n<p><strong>Pablo Aguilar | Am\u00e9rica<\/strong> | Se sum\u00f3 al ataque <em>azulcrema<\/em> para regalar una anotaci\u00f3n para el recuerdo, en un partidazo.<\/p>\n<p><strong>Julio C\u00e9sar Dom\u00ednguez | Cruz Azul<\/strong> | El <em>Cata<\/em> realiz\u00f3 grandes recorridos en la cancha, sum\u00e1ndose al ataque y en ocasiones, siendo el l\u00edder de la zaga, por encima del experimentado, <em>Maza<\/em>.<\/p>\n<p><strong>Jos\u00e9 Madue\u00f1a | Atlas<\/strong> | En la tard\u00eda reacci\u00f3n <em>rojinegra<\/em>, el lateral colabor\u00f3 en la goleada sobre el <em>Jaguar<\/em>.<\/p>\n<p><em>Medios<\/em><\/p>\n<p><strong>Jos\u00e9 Guerrero | Am\u00e9rica<\/strong> | <em>Chepe<\/em> responde cada que Ignacio Ambriz lo pone en el campo, pero en esta ocasi\u00f3n, su poema de gol se sum\u00f3 al partidazo en el Azteca.<\/p>\n<p><strong>Carlos Cisneros | Chivas<\/strong> | Las bandas del Guadalajara lucen sumamente poderosas cuando \u00e9l y Brizuela atacan por los costados. Con su anotaci\u00f3n, los <em>rojiblancos<\/em> abrieron el marcador.<\/p>\n<p><strong>Jaime G\u00f3mez | Quer\u00e9taro<\/strong> | Se ha ganado la titularidad con los <em>Gallos<\/em> y en esta oportunidad, hizo a un lado las aspiraciones de Pumas, para asegurar boleto en liguilla, al hacer el gol definitivo del encuentro.<\/p>\n<p><em>Delanteros<\/em><\/p>\n<p><strong>Jefferson Duque | Atlas<\/strong> | Con doblete, el delantero se convirti\u00f3 en una la figura de la jornada 16.<\/p>\n<p><strong>Dorlan Pab\u00f3n | Monterrey<\/strong> | De los delanteros del encuentro en el Azteca, el colombiano fue el m\u00e1s activo.<\/p>\n<p><strong>Jorge Ben\u00edtez | Cruz Azul<\/strong> | La <em>M\u00e1quina<\/em> hace notoria su necesidad de tener a este delantero en el campo, que sentenci\u00f3 el partido en el Nemesio Diez, para darle a los celester, medio boleto a la <em>Fiesta Grande<\/em>.<\/p>\n","protected":false},"excerpt":{"rendered":"<p>El 11 ideal de la fecha 16 del Clausura 2016<\/p>\n","protected":false},"author":20,"featured_media":393442,"comment_status":"closed","ping_status":"closed","sticky":false,"template":"","format":"standard","meta":[],"categories":[2198,3845,5950],"tags":[4580,64],"_links":{"self":[{"href":"http:\/\/desarrollo.grupomedios.com\/futbol\/wp-json\/wp\/v2\/posts\/393440"}],"collection":[{"href":"http:\/\/desarrollo.grupomedios.com\/futbol\/wp-json\/wp\/v2\/posts"}],"about":[{"href":"http:\/\/desarrollo.grupomedios.com\/futbol\/wp-json\/wp\/v2\/types\/post"}],"author":[{"embeddable":true,"href":"http:\/\/desarrollo.grupomedios.com\/futbol\/wp-json\/wp\/v2\/users\/20"}],"replies":[{"embeddable":true,"href":"http:\/\/desarrollo.grupomedios.com\/futbol\/wp-json\/wp\/v2\/comments?post=393440"}],"version-history":[{"count":0,"href":"http:\/\/desarrollo.grupomedios.com\/futbol\/wp-json\/wp\/v2\/posts\/393440\/revisions"}],"wp:featuredmedia":[{"embeddable":true,"href":"http:\/\/desarrollo.grupomedios.com\/futbol\/wp-json\/wp\/v2\/media\/393442"}],"wp:attachment":[{"href":"http:\/\/desarrollo.grupomedios.com\/futbol\/wp-json\/wp\/v2\/media?parent=393440"}],"wp:term":[{"taxonomy":"category","embeddable":true,"href":"http:\/\/desarrollo.grupomedios.com\/futbol\/wp-json\/wp\/v2\/categories?post=393440"},{"taxonomy":"post_tag","embeddable":true,"href":"http:\/\/desarrollo.grupomedios.com\/futbol\/wp-json\/wp\/v2\/tags?post=393440"}],"curies":[{"name":"wp","href":"https:\/\/api.w.org\/{rel}","templated":true}]}}