{"id":393497,"date":"2016-05-02T11:48:42","date_gmt":"2016-05-02T17:48:42","guid":{"rendered":"http:\/\/www.futboltotal.com.mx\/?p=393497"},"modified":"2016-05-02T11:48:42","modified_gmt":"2016-05-02T17:48:42","slug":"atlas-destino-jose-guadalupe-cruz","status":"publish","type":"post","link":"http:\/\/desarrollo.grupomedios.com\/futbol\/destacado-home\/atlas-destino-jose-guadalupe-cruz\/2016\/05","title":{"rendered":"Atlas, \u00bfel destino del profe Cruz?"},"content":{"rendered":"<p>Por la tarde del domingo, previo al encuentro entre Chivas y <strong>Dorados<\/strong>, del cierre de la jornada 16 del Clausura 2016; medios nacionales afirmaban que <strong><a href=\"http:\/\/www.futboltotal.com.mx\/equipos\/atlas\/\" target=\"_blank\">Atlas<\/a><\/strong> hab\u00eda puesto el ojo en el actual director t\u00e9cnico del <em>Gran Pez<\/em>, <strong>Jos\u00e9 Guadalupe Cruz<\/strong>, por ello al final del encuentro, el estratega fue cuestionado sobre su posible arribo al cuadro <em>rojinegro<\/em>.<\/p>\n<p><strong>Jos\u00e9 Guadalupe Cruz<\/strong> neg\u00f3 haber sido contactado por la directiva del <strong>Atlas<\/strong> para tomar las riendas del plantel de cara a la siguiente campa\u00f1a, pero reconoce estar interesado en dirigir al equipo, en el a\u00f1o de su centenario.<\/p>\n<p>&#8220;Hay que esperar una semana y puede haber noticias. <strong>Atlas<\/strong> es un equipo de tradici\u00f3n y me parece que tiene una buena demanda y eso como entrenador te seduce y te gusta, pero no me quiero adelantar a los hechos, no he tenido ninguna pl\u00e1tica oficial con la gente del cuadro<em> tapat\u00edo<\/em>\u00a0y si se llega a dar pues bienvenido&#8221;, explic\u00f3 el <em>Profe<\/em> Cruz.<\/p>\n<p style=\"text-align: center;\"><span style=\"color: #3366ff;\"><strong><a style=\"color: #3366ff;\" href=\"http:\/\/www.futboltotal.com.mx\/2016\/05\/liguilla-al-momento-clausura-2016\/\" target=\"_blank\">LEER M\u00c1S: La liguilla al momento&#8230;<\/a><\/strong><\/span><\/p>\n<p>Pese a caer contra Chivas y haber consumado el descenso con <strong>Dorados<\/strong>, <strong>Jos\u00e9 Guadalupe Cruz<\/strong> afirma que el trabajo que hizo con el plantel fue digno y lo seguir\u00e1 siendo hasta el final, pero que, en cuesti\u00f3n de su futuro, no es el \u00fanico miembro del equipo que buscar\u00e1 quedarse en Primera Divisi\u00f3n.<\/p>\n<p><a href=\"http:\/\/www.futboltotal.com.mx\/wp-content\/uploads\/2016\/05\/frase-jose-guadalupe-cruz.png\" rel=\"attachment wp-att-393504\"><img decoding=\"async\" loading=\"lazy\" class=\"alignnone size-full wp-image-393504\" src=\"http:\/\/www.futboltotal.com.mx\/wp-content\/uploads\/2016\/05\/frase-jose-guadalupe-cruz.png\" alt=\"frase-jose-guadalupe-cruz\" srcset=\"http:\/\/desarrollo.grupomedios.com\/futbol\/wp-content\/uploads\/2016\/05\/frase-jose-guadalupe-cruz.png 820w, http:\/\/desarrollo.grupomedios.com\/futbol\/wp-content\/uploads\/2016\/05\/frase-jose-guadalupe-cruz-300x251.png 300w, http:\/\/desarrollo.grupomedios.com\/futbol\/wp-content\/uploads\/2016\/05\/frase-jose-guadalupe-cruz-768x643.png 768w\" sizes=\"(max-width: 820px) 100vw, 820px\" \/><\/a><\/p>\n<p><span style=\"color: #ff0000;\"><strong>VIDEO<\/strong>: TOP 5\u00a0| Goles de la\u00a0<strong>jornada\u00a016<\/strong>\u00a0del\u00a0<strong><a style=\"color: #ff0000;\" href=\"http:\/\/www.futboltotal.com.mx\/estadisticas\/estadisticas-liga-mx\/\" target=\"_blank\">Clausura 2016<\/a><\/strong>:<\/span><\/p>\n<p>[video_player]https:\/\/player.vimeo.com\/external\/165013546.hd.mp4?s=8285fb5b2934810bc59c13860892528bd6bd7400&amp;profile_id=174[\/video_player]<\/p>\n","protected":false},"excerpt":{"rendered":"<p>El estratega acepta que le interesar\u00eda dirigir a los rojinegros<\/p>\n","protected":false},"author":20,"featured_media":393502,"comment_status":"closed","ping_status":"closed","sticky":false,"template":"","format":"standard","meta":[],"categories":[5,2198,3845],"tags":[5961,77],"_links":{"self":[{"href":"http:\/\/desarrollo.grupomedios.com\/futbol\/wp-json\/wp\/v2\/posts\/393497"}],"collection":[{"href":"http:\/\/desarrollo.grupomedios.com\/futbol\/wp-json\/wp\/v2\/posts"}],"about":[{"href":"http:\/\/desarrollo.grupomedios.com\/futbol\/wp-json\/wp\/v2\/types\/post"}],"author":[{"embeddable":true,"href":"http:\/\/desarrollo.grupomedios.com\/futbol\/wp-json\/wp\/v2\/users\/20"}],"replies":[{"embeddable":true,"href":"http:\/\/desarrollo.grupomedios.com\/futbol\/wp-json\/wp\/v2\/comments?post=393497"}],"version-history":[{"count":0,"href":"http:\/\/desarrollo.grupomedios.com\/futbol\/wp-json\/wp\/v2\/posts\/393497\/revisions"}],"wp:featuredmedia":[{"embeddable":true,"href":"http:\/\/desarrollo.grupomedios.com\/futbol\/wp-json\/wp\/v2\/media\/393502"}],"wp:attachment":[{"href":"http:\/\/desarrollo.grupomedios.com\/futbol\/wp-json\/wp\/v2\/media?parent=393497"}],"wp:term":[{"taxonomy":"category","embeddable":true,"href":"http:\/\/desarrollo.grupomedios.com\/futbol\/wp-json\/wp\/v2\/categories?post=393497"},{"taxonomy":"post_tag","embeddable":true,"href":"http:\/\/desarrollo.grupomedios.com\/futbol\/wp-json\/wp\/v2\/tags?post=393497"}],"curies":[{"name":"wp","href":"https:\/\/api.w.org\/{rel}","templated":true}]}}