{"id":393507,"date":"2016-05-02T10:54:42","date_gmt":"2016-05-02T16:54:42","guid":{"rendered":"http:\/\/www.futboltotal.com.mx\/?p=393507"},"modified":"2016-05-02T15:44:40","modified_gmt":"2016-05-02T21:44:40","slug":"las-emociones-la-liga-mx-4","status":"publish","type":"post","link":"http:\/\/desarrollo.grupomedios.com\/futbol\/futbol-mexicano\/las-emociones-la-liga-mx-4\/2016\/05","title":{"rendered":"Las EMOCIONES de\u2026 \u00a1La Liga MX!"},"content":{"rendered":"<p>Se jug\u00f3 la jornada 16 del\u00a0<strong><a href=\"http:\/\/www.futboltotal.com.mx\/estadisticas\/estadisticas-liga-mx\/\" target=\"_blank\">Clausura 2016<\/a><\/strong>\u00a0y los 18 equipos nos regalaron grandes <strong>EMOCIONES<\/strong>. Partidazos, buenos\u00a0goles\u2026 En suma, todo se conjug\u00f3 para vivir un electrizante\u00a0fin de semana\u00a0que dej\u00f3 un mont\u00f3n de cosas para re\u00edr, analizar y, sobre todo, para conversar sobre lo que depara el cierre del torneo con miras a la liguilla.<\/p>\n<p>Y en\u00a0<strong>Futbol Total<\/strong>\u00a0no lo pasamos desapercibido, por ello te presentamos las EMOCIONES de la\u00a0<strong><a href=\"http:\/\/www.futboltotal.com.mx\/futbol-mexicano\/\">Liga MX<\/a>\u00a0<\/strong>con el recuento de las sensaciones tras un intenso fin de semana futbolero.<\/p>\n<p>[video_player]https:\/\/player.vimeo.com\/external\/165034521.hd.mp4?s=74965094d52b63a048bd7746b4e67b2a1a4cb058&amp;profile_id=174[\/video_player]<\/p>\n<p style=\"text-align: center;\"><span style=\"color: #3366ff;\"><strong><a style=\"color: #3366ff;\" href=\"http:\/\/www.futboltotal.com.mx\/estadisticas\/estadisticas-liga-mx\/\" target=\"_blank\">VER M\u00c1S: As\u00ed marcha la tabla general del Clausura 2016<\/a><\/strong><\/span><\/p>\n","protected":false},"excerpt":{"rendered":"<p>Te presentamos lo que nos dej\u00f3 la jornada 16 del Clausura 2016<\/p>\n","protected":false},"author":20,"featured_media":391468,"comment_status":"closed","ping_status":"closed","sticky":false,"template":"","format":"standard","meta":[],"categories":[2198,3845,5950],"tags":[6458,7055],"_links":{"self":[{"href":"http:\/\/desarrollo.grupomedios.com\/futbol\/wp-json\/wp\/v2\/posts\/393507"}],"collection":[{"href":"http:\/\/desarrollo.grupomedios.com\/futbol\/wp-json\/wp\/v2\/posts"}],"about":[{"href":"http:\/\/desarrollo.grupomedios.com\/futbol\/wp-json\/wp\/v2\/types\/post"}],"author":[{"embeddable":true,"href":"http:\/\/desarrollo.grupomedios.com\/futbol\/wp-json\/wp\/v2\/users\/20"}],"replies":[{"embeddable":true,"href":"http:\/\/desarrollo.grupomedios.com\/futbol\/wp-json\/wp\/v2\/comments?post=393507"}],"version-history":[{"count":0,"href":"http:\/\/desarrollo.grupomedios.com\/futbol\/wp-json\/wp\/v2\/posts\/393507\/revisions"}],"wp:featuredmedia":[{"embeddable":true,"href":"http:\/\/desarrollo.grupomedios.com\/futbol\/wp-json\/wp\/v2\/media\/391468"}],"wp:attachment":[{"href":"http:\/\/desarrollo.grupomedios.com\/futbol\/wp-json\/wp\/v2\/media?parent=393507"}],"wp:term":[{"taxonomy":"category","embeddable":true,"href":"http:\/\/desarrollo.grupomedios.com\/futbol\/wp-json\/wp\/v2\/categories?post=393507"},{"taxonomy":"post_tag","embeddable":true,"href":"http:\/\/desarrollo.grupomedios.com\/futbol\/wp-json\/wp\/v2\/tags?post=393507"}],"curies":[{"name":"wp","href":"https:\/\/api.w.org\/{rel}","templated":true}]}}