{"id":393607,"date":"2016-05-02T21:50:38","date_gmt":"2016-05-03T03:50:38","guid":{"rendered":"http:\/\/www.futboltotal.com.mx\/?p=393607"},"modified":"2016-05-31T10:38:44","modified_gmt":"2016-05-31T16:38:44","slug":"convocatoria-preliminar-del-tri-copa-america","status":"publish","type":"post","link":"http:\/\/desarrollo.grupomedios.com\/futbol\/destacado-home\/convocatoria-preliminar-del-tri-copa-america\/2016\/05","title":{"rendered":"Convocatoria preliminar del TRI para Copa Am\u00e9rica"},"content":{"rendered":"<p>La Direcci\u00f3n de Selecciones Nacionales dio a conocer la <strong>convocatoria preliminar<\/strong> de 40 jugadores seleccionados por Juan Carlos Osorio, director t\u00e9cnico del\u00a0<em>Tri<\/em>, para disputar la <strong>Copa Am\u00e9rica Centenario 2016<\/strong>, que se celebrar\u00e1 del 3 al 26 de junio en 10 ciudades de Estados Unidos.<\/p>\n<blockquote class=\"twitter-tweet\" data-lang=\"es\">\n<p dir=\"ltr\" lang=\"es\">\u00a1De aqu\u00ed saldr\u00e1 el equipo que ir\u00e1 con todo por la <a href=\"https:\/\/twitter.com\/CA2016\">@CA2016<\/a>!<a href=\"https:\/\/twitter.com\/hashtag\/Am%C3%A9ricaParaLosMexicanos?src=hash\">#Am\u00e9ricaParaLosMexicanos<\/a><\/p>\n<p>? <a href=\"https:\/\/t.co\/NAoYtQbq84\">https:\/\/t.co\/NAoYtQbq84<\/a> <a href=\"https:\/\/t.co\/WpnDpQ5FS0\">pic.twitter.com\/WpnDpQ5FS0<\/a><\/p>\n<p>\u2014 Selecci\u00f3n Nacional (@miseleccionmx) <a href=\"https:\/\/twitter.com\/miseleccionmx\/status\/727268246391414784\">2 de mayo de 2016<\/a><\/p><\/blockquote>\n<p><script src=\"\/\/platform.twitter.com\/widgets.js\" async=\"\" charset=\"utf-8\"><\/script><\/p>\n<p>El Reglamento de la Copa Am\u00e9rica Centenario estableci\u00f3 como fecha de entrega del citado listado, el pasado 29 de abril. Ser\u00e1 el 20 de mayo, cuando se entregue la lista definitiva de 23 jugadores.<\/p>\n<p><a href=\"http:\/\/www.futboltotal.com.mx\/2016\/05\/convocatoria-preliminar-del-tri-copa-america\/prelista-copa-america-mexico\/\" rel=\"attachment wp-att-393608\"><img decoding=\"async\" loading=\"lazy\" class=\"aligncenter size-full wp-image-393608\" src=\"http:\/\/www.futboltotal.com.mx\/wp-content\/uploads\/2016\/05\/prelista-copa-america-mexico.jpg\" alt=\"prelista-copa-america-mexico\" srcset=\"http:\/\/desarrollo.grupomedios.com\/futbol\/wp-content\/uploads\/2016\/05\/prelista-copa-america-mexico.jpg 1100w, http:\/\/desarrollo.grupomedios.com\/futbol\/wp-content\/uploads\/2016\/05\/prelista-copa-america-mexico-300x151.jpg 300w, http:\/\/desarrollo.grupomedios.com\/futbol\/wp-content\/uploads\/2016\/05\/prelista-copa-america-mexico-768x386.jpg 768w, http:\/\/desarrollo.grupomedios.com\/futbol\/wp-content\/uploads\/2016\/05\/prelista-copa-america-mexico-1024x515.jpg 1024w\" sizes=\"(max-width: 1100px) 100vw, 1100px\" \/><\/a><\/p>\n<p>PORTEROS:<\/p>\n<p><a href=\"http:\/\/www.futboltotal.com.mx\/2016\/05\/convocatoria-preliminar-del-tri-copa-america\/portero-mexico-convocatoria\/\" rel=\"attachment wp-att-393616\"><img decoding=\"async\" loading=\"lazy\" class=\"aligncenter size-full wp-image-393616\" src=\"http:\/\/www.futboltotal.com.mx\/wp-content\/uploads\/2016\/05\/PORTERO-MEXICO.CONVOCATORIA.png\" alt=\"PORTERO-MEXICO.CONVOCATORIA\" srcset=\"http:\/\/desarrollo.grupomedios.com\/futbol\/wp-content\/uploads\/2016\/05\/PORTERO-MEXICO.CONVOCATORIA.png 500w, http:\/\/desarrollo.grupomedios.com\/futbol\/wp-content\/uploads\/2016\/05\/PORTERO-MEXICO.CONVOCATORIA-300x76.png 300w\" sizes=\"(max-width: 500px) 100vw, 500px\" \/><\/a><\/p>\n<p>DEFENSAS:<\/p>\n<p><a href=\"http:\/\/www.futboltotal.com.mx\/2016\/05\/convocatoria-preliminar-del-tri-copa-america\/defensas-mexico-convocatoria\/\" rel=\"attachment wp-att-393617\"><img decoding=\"async\" loading=\"lazy\" class=\"aligncenter size-full wp-image-393617\" src=\"http:\/\/www.futboltotal.com.mx\/wp-content\/uploads\/2016\/05\/DEFENSAS-MEXICO.CONVOCATORIA.png\" alt=\"DEFENSAS-MEXICO.CONVOCATORIA\" srcset=\"http:\/\/desarrollo.grupomedios.com\/futbol\/wp-content\/uploads\/2016\/05\/DEFENSAS-MEXICO.CONVOCATORIA.png 501w, http:\/\/desarrollo.grupomedios.com\/futbol\/wp-content\/uploads\/2016\/05\/DEFENSAS-MEXICO.CONVOCATORIA-300x195.png 300w\" sizes=\"(max-width: 501px) 100vw, 501px\" \/><\/a><\/p>\n<p>MEDIOS:<\/p>\n<p><a href=\"http:\/\/www.futboltotal.com.mx\/2016\/05\/convocatoria-preliminar-del-tri-copa-america\/medios-mexico-convocatoria\/\" rel=\"attachment wp-att-393618\"><img decoding=\"async\" loading=\"lazy\" class=\"aligncenter size-full wp-image-393618\" src=\"http:\/\/www.futboltotal.com.mx\/wp-content\/uploads\/2016\/05\/MEDIOS-MEXICO.CONVOCATORIA.png\" alt=\"MEDIOS-MEXICO.CONVOCATORIA\" srcset=\"http:\/\/desarrollo.grupomedios.com\/futbol\/wp-content\/uploads\/2016\/05\/MEDIOS-MEXICO.CONVOCATORIA.png 501w, http:\/\/desarrollo.grupomedios.com\/futbol\/wp-content\/uploads\/2016\/05\/MEDIOS-MEXICO.CONVOCATORIA-300x150.png 300w\" sizes=\"(max-width: 501px) 100vw, 501px\" \/><\/a><\/p>\n<p>DELANTEROS:<\/p>\n<p><a href=\"http:\/\/www.futboltotal.com.mx\/2016\/05\/convocatoria-preliminar-del-tri-copa-america\/delanteros-mexico-convocatoria\/\" rel=\"attachment wp-att-393614\"><img decoding=\"async\" loading=\"lazy\" class=\"aligncenter size-full wp-image-393614\" src=\"http:\/\/www.futboltotal.com.mx\/wp-content\/uploads\/2016\/05\/DELANTEROS-MEXICO.CONVOCATORIA.png\" alt=\"DELANTEROS-MEXICO.CONVOCATORIA\" srcset=\"http:\/\/desarrollo.grupomedios.com\/futbol\/wp-content\/uploads\/2016\/05\/DELANTEROS-MEXICO.CONVOCATORIA.png 501w, http:\/\/desarrollo.grupomedios.com\/futbol\/wp-content\/uploads\/2016\/05\/DELANTEROS-MEXICO.CONVOCATORIA-300x180.png 300w\" sizes=\"(max-width: 501px) 100vw, 501px\" \/><\/a><\/p>\n<p>La <strong>Selecci\u00f3n Mexicana<\/strong> iniciar\u00e1 su concentraci\u00f3n el domingo 15 de mayo por la noche y el 26 del mismo mes viajar\u00e1 a Estados Unidos\u00a0para enfrentar dos encuentros de preparaci\u00f3n:\u00a0contra\u00a0Paraguay, el 28 de mayo; y ante Chile, 1 de junio.<\/p>\n<p>Posteriormente, viajar\u00e1 a Phoenix para, ya dentro de la Copa Am\u00e9rica Centenario, enfrentar a Uruguay el d\u00eda 5; se trasladar\u00e1 a Pasadena para medirse con Jamaica el 10 de junio y cerrar\u00e1 la Fase de Grupos el 13 del mismo mes en Houston ante Venezuela.<\/p>\n<p><em>Con informaci\u00f3n de la FMF<\/em><\/p>\n","protected":false},"excerpt":{"rendered":"<p>40 jugadores fueron seleccionados por Juan Carlos Osorio<\/p>\n","protected":false},"author":20,"featured_media":393608,"comment_status":"closed","ping_status":"closed","sticky":false,"template":"","format":"standard","meta":[],"categories":[6950,5,2198,3847,6951],"tags":[2130,5979],"_links":{"self":[{"href":"http:\/\/desarrollo.grupomedios.com\/futbol\/wp-json\/wp\/v2\/posts\/393607"}],"collection":[{"href":"http:\/\/desarrollo.grupomedios.com\/futbol\/wp-json\/wp\/v2\/posts"}],"about":[{"href":"http:\/\/desarrollo.grupomedios.com\/futbol\/wp-json\/wp\/v2\/types\/post"}],"author":[{"embeddable":true,"href":"http:\/\/desarrollo.grupomedios.com\/futbol\/wp-json\/wp\/v2\/users\/20"}],"replies":[{"embeddable":true,"href":"http:\/\/desarrollo.grupomedios.com\/futbol\/wp-json\/wp\/v2\/comments?post=393607"}],"version-history":[{"count":0,"href":"http:\/\/desarrollo.grupomedios.com\/futbol\/wp-json\/wp\/v2\/posts\/393607\/revisions"}],"wp:featuredmedia":[{"embeddable":true,"href":"http:\/\/desarrollo.grupomedios.com\/futbol\/wp-json\/wp\/v2\/media\/393608"}],"wp:attachment":[{"href":"http:\/\/desarrollo.grupomedios.com\/futbol\/wp-json\/wp\/v2\/media?parent=393607"}],"wp:term":[{"taxonomy":"category","embeddable":true,"href":"http:\/\/desarrollo.grupomedios.com\/futbol\/wp-json\/wp\/v2\/categories?post=393607"},{"taxonomy":"post_tag","embeddable":true,"href":"http:\/\/desarrollo.grupomedios.com\/futbol\/wp-json\/wp\/v2\/tags?post=393607"}],"curies":[{"name":"wp","href":"https:\/\/api.w.org\/{rel}","templated":true}]}}