{"id":393630,"date":"2016-05-02T19:22:36","date_gmt":"2016-05-03T01:22:36","guid":{"rendered":"http:\/\/www.futboltotal.com.mx\/?p=393630"},"modified":"2016-05-02T19:26:29","modified_gmt":"2016-05-03T01:26:29","slug":"ochao-malaga-descendieron-al-levante","status":"publish","type":"post","link":"http:\/\/desarrollo.grupomedios.com\/futbol\/futbol-internacional\/ochao-malaga-descendieron-al-levante\/2016\/05","title":{"rendered":"Ochoa y M\u00e1laga firman descenso del Levante"},"content":{"rendered":"<p>Reapareci\u00f3 Carlos Kameni en el banquillo del M\u00e1laga y por primera vez en el curso el entrenador Javi Garcia se decant\u00f3 por <strong>Guillermo Ochoa<\/strong>, quien dej\u00f3 gratas sensaciones en la victoria 3-1 sobre Levante, descendido a falta de dos jornadas para que concluya la Liga.<\/p>\n<p>Aunque poco pudo hacer <em>Paco Memo<\/em> en la jugada del gol, volvi\u00f3 a demostrar categor\u00eda bajo los tres postes, sobre todo despu\u00e9s de haber evitado un gol de volea de Rossi en la parte complementaria.<\/p>\n<p style=\"text-align: center;\"><span style=\"color: #3366ff;\"><strong><a style=\"color: #3366ff;\" href=\"http:\/\/www.futboltotal.com.mx\/futbol-internacional\/mexicanos-en-europa\/\">LEER M\u00c1S: Todas las noticias de mexicanos en Europa<\/a><\/strong><\/span><\/p>\n<p><iframe loading=\"lazy\" src=\"https:\/\/www.youtube.com\/embed\/_YBCVi0WIBs\" frameborder=\"0\" allowfullscreen=\"allowfullscreen\"><\/iframe><br \/>\nLa escuadra malague\u00f1a abri\u00f3 el marcador, cuando el defensa uruguayo Federico Ricca habilit\u00f3 al delantero croata Duje Cop, quien dobleg\u00f3 al arquero Diego Mari\u00f1o y coloc\u00f3 el 1-0, en el minuto 30 de juego.<\/p>\n<p>Antes del descanso, la visita emparej\u00f3 las acciones por conducto del centrocampista Jos\u00e9 Luis Morales, mismo que, al minuto 42, envi\u00f3 el esf\u00e9rico al fondo del arco defendido por <em>Memo<\/em><strong> Ochoa<\/strong>, tras asistencia del delantero V\u00edctor Casades\u00fas.<\/p>\n<p>Con el marcador empatado, al minuto 75, el \u00e1rbitro anul\u00f3 un gol a Levante, pues el mediocampista Morales contact\u00f3 el esf\u00e9rico en posici\u00f3n de fuera de lugar, 14 minutos despu\u00e9s, Cop consigui\u00f3 el segundo tanto para los albiazules.<\/p>\n<p>En tiempo a\u00f1adido, el cuadro dirigido por Javier Gracia consigui\u00f3 el 3-1, gracias al uruguayo Gonzalo Castro, quien impact\u00f3 el bal\u00f3n desde fuera del \u00e1rea y dej\u00f3 sin oportunidades al arquero visitante.<\/p>\n<p>Con esta derrota, Levante, a falta de dos jornadas del t\u00e9rmino de la campa\u00f1a, descendi\u00f3 a la Segunda Divisi\u00f3n de Espa\u00f1a, mientras los malague\u00f1os acumularon 45 unidades y est\u00e1n en octavo general. El pr\u00f3ximo encuentro de Ochoa y su equip\u00f3 ser\u00e1 el 8 de mayo, cuando visiten a Celta de Vigo en la fecha 37 de la Liga Espa\u00f1ola.<\/p>\n","protected":false},"excerpt":{"rendered":"<p>El mexicano gan\u00f3 la titularidad a Kameni y luci\u00f3 ante Levante <\/p>\n","protected":false},"author":20,"featured_media":393631,"comment_status":"closed","ping_status":"closed","sticky":false,"template":"","format":"standard","meta":[],"categories":[3839,3844,6718],"tags":[5991,306],"_links":{"self":[{"href":"http:\/\/desarrollo.grupomedios.com\/futbol\/wp-json\/wp\/v2\/posts\/393630"}],"collection":[{"href":"http:\/\/desarrollo.grupomedios.com\/futbol\/wp-json\/wp\/v2\/posts"}],"about":[{"href":"http:\/\/desarrollo.grupomedios.com\/futbol\/wp-json\/wp\/v2\/types\/post"}],"author":[{"embeddable":true,"href":"http:\/\/desarrollo.grupomedios.com\/futbol\/wp-json\/wp\/v2\/users\/20"}],"replies":[{"embeddable":true,"href":"http:\/\/desarrollo.grupomedios.com\/futbol\/wp-json\/wp\/v2\/comments?post=393630"}],"version-history":[{"count":0,"href":"http:\/\/desarrollo.grupomedios.com\/futbol\/wp-json\/wp\/v2\/posts\/393630\/revisions"}],"wp:featuredmedia":[{"embeddable":true,"href":"http:\/\/desarrollo.grupomedios.com\/futbol\/wp-json\/wp\/v2\/media\/393631"}],"wp:attachment":[{"href":"http:\/\/desarrollo.grupomedios.com\/futbol\/wp-json\/wp\/v2\/media?parent=393630"}],"wp:term":[{"taxonomy":"category","embeddable":true,"href":"http:\/\/desarrollo.grupomedios.com\/futbol\/wp-json\/wp\/v2\/categories?post=393630"},{"taxonomy":"post_tag","embeddable":true,"href":"http:\/\/desarrollo.grupomedios.com\/futbol\/wp-json\/wp\/v2\/tags?post=393630"}],"curies":[{"name":"wp","href":"https:\/\/api.w.org\/{rel}","templated":true}]}}