{"id":393717,"date":"2016-05-03T11:30:07","date_gmt":"2016-05-03T17:30:07","guid":{"rendered":"http:\/\/www.futboltotal.com.mx\/?p=393717"},"modified":"2016-05-03T11:31:18","modified_gmt":"2016-05-03T17:31:18","slug":"paul-aguilar-cerca-volar-a-europa","status":"publish","type":"post","link":"http:\/\/desarrollo.grupomedios.com\/futbol\/destacado-home\/paul-aguilar-cerca-volar-a-europa\/2016\/05","title":{"rendered":"Paul Aguilar, \u00bfcerca de volar a Europa?"},"content":{"rendered":"<p>\u00bf<strong>Paul Aguilar<\/strong>, jugador del <a href=\"http:\/\/www.futboltotal.com.mx\/equipos\/america\/\" target=\"_blank\">Am\u00e9rica<\/a>, podr\u00eda emigrar al <strong>futbol de Europa<\/strong> en los pr\u00f3ximos meses? A saber con certeza. Lo cierto es que trasciende que la directiva americanista cuenta con ofertas formales por el lateral mexicano de equipos de Holanda y Espa\u00f1a.<\/p>\n<p>En ese sentido, se sabe que el jugador tiene contrato con las <em>\u00c1guilas<\/em> hasta finales del presente a\u00f1o, por lo se especula que tanto la directiva <em>azulcrema<\/em> como <strong>Paul Aguilar<\/strong> buscar\u00edan firmar un precontrato con alg\u00fan equipo europeo.<\/p>\n<p style=\"text-align: center;\"><span style=\"color: #3366ff;\"><strong><a style=\"color: #3366ff;\" href=\"http:\/\/www.futboltotal.com.mx\/2015\/10\/paul-aguilar-y-sus-originales-festejos\/\">LEER M\u00c1S: Los\u00a0originales festejos de <\/a><a style=\"color: #3366ff;\" href=\"http:\/\/www.futboltotal.com.mx\/2015\/10\/paul-aguilar-y-sus-originales-festejos\/\">Paul Aguilar<\/a><\/strong><\/span><\/p>\n<p style=\"text-align: left;\">\u201cEn <strong>Europa<\/strong> los laterales est\u00e1n \u2018de moda\u2019 y es por eso que el mexicano ha llamado la atenci\u00f3n de clubes en Holanda y Espa\u00f1a, y se dice que ya habr\u00eda ofertas sobre la mesa\u201d, publica el diario deportivo\u00a0<em>ESTO<\/em>.<\/p>\n<p style=\"text-align: left;\">Cabe apuntar que <strong>Paul Aguilar<\/strong>, canterano del Pachuca, juega con las <a href=\"http:\/\/www.futboltotal.com.mx\/equipos\/america\/\" target=\"_blank\"><em>\u00c1guilas<\/em> del Am\u00e9rica<\/a> desde el Apertura 2011. Y durante su estancia en el Nido,\u00a0el lateral mexicano,\u00a0con un valor de\u00a02.8 millones de euros -seg\u00fan el portal\u00a0<em>transfermarkt<\/em>-,\u00a0se ha convertido en referente del equipo, con el que\u00a0ha conquistado dos t\u00edtulos de liga y un par de Conchampions.<\/p>\n","protected":false},"excerpt":{"rendered":"<p>El lateral mexicano es pretendido por clubes de Holanda y Espa\u00f1a<\/p>\n","protected":false},"author":20,"featured_media":393721,"comment_status":"closed","ping_status":"closed","sticky":false,"template":"","format":"standard","meta":[],"categories":[5,2198,3845],"tags":[5959,216],"_links":{"self":[{"href":"http:\/\/desarrollo.grupomedios.com\/futbol\/wp-json\/wp\/v2\/posts\/393717"}],"collection":[{"href":"http:\/\/desarrollo.grupomedios.com\/futbol\/wp-json\/wp\/v2\/posts"}],"about":[{"href":"http:\/\/desarrollo.grupomedios.com\/futbol\/wp-json\/wp\/v2\/types\/post"}],"author":[{"embeddable":true,"href":"http:\/\/desarrollo.grupomedios.com\/futbol\/wp-json\/wp\/v2\/users\/20"}],"replies":[{"embeddable":true,"href":"http:\/\/desarrollo.grupomedios.com\/futbol\/wp-json\/wp\/v2\/comments?post=393717"}],"version-history":[{"count":0,"href":"http:\/\/desarrollo.grupomedios.com\/futbol\/wp-json\/wp\/v2\/posts\/393717\/revisions"}],"wp:featuredmedia":[{"embeddable":true,"href":"http:\/\/desarrollo.grupomedios.com\/futbol\/wp-json\/wp\/v2\/media\/393721"}],"wp:attachment":[{"href":"http:\/\/desarrollo.grupomedios.com\/futbol\/wp-json\/wp\/v2\/media?parent=393717"}],"wp:term":[{"taxonomy":"category","embeddable":true,"href":"http:\/\/desarrollo.grupomedios.com\/futbol\/wp-json\/wp\/v2\/categories?post=393717"},{"taxonomy":"post_tag","embeddable":true,"href":"http:\/\/desarrollo.grupomedios.com\/futbol\/wp-json\/wp\/v2\/tags?post=393717"}],"curies":[{"name":"wp","href":"https:\/\/api.w.org\/{rel}","templated":true}]}}