{"id":393753,"date":"2016-05-03T12:29:02","date_gmt":"2016-05-03T18:29:02","guid":{"rendered":"http:\/\/www.futboltotal.com.mx\/?p=393753"},"modified":"2016-05-03T12:29:02","modified_gmt":"2016-05-03T18:29:02","slug":"leicester-city-va-a-conquistar-champions-league-reto-nuevo","status":"publish","type":"post","link":"http:\/\/desarrollo.grupomedios.com\/futbol\/futbol-internacional\/leicester-city-va-a-conquistar-champions-league-reto-nuevo\/2016\/05","title":{"rendered":"El pr\u00f3ximo reto para Leicester City seg\u00fan Ranieri"},"content":{"rendered":"<p>132 a\u00f1os despu\u00e9s, <strong>Leicester City<\/strong> result\u00f3 campe\u00f3n de la Primera Divisi\u00f3n de Inglaterra y aunque no lograron festejar en el campo, de momento, s\u00ed que lo hicieron fuera de \u00e9l, en una reuni\u00f3n organizada en casa de Jamie Vardy y en la que qued\u00f3 al descubierto la uni\u00f3n que provoc\u00f3 el \u00e9xito del equipo.<\/p>\n<p>&#8220;Es fant\u00e1stico. Gracias a mis chicos, a los aficionados, al due\u00f1o, a todos en general. Ha sido un logro incre\u00edble. Quer\u00edamos hacer algo especial, pero nadie podr\u00eda pensar en esto. Ha sido una temporada incre\u00edble y estoy feliz&#8221;, dijo este martes <strong>Claudio<\/strong>\u00a0<strong>Ranieri<\/strong> a la cadena brit\u00e1nica <em>Sky Sports<\/em>.<\/p>\n<p>El veterano t\u00e9cnico italiano, que lleg\u00f3 al Leicester City despu\u00e9s de haber sido destituido en el banquillo de la selecci\u00f3n de Grecia tras caer con la modesta selecci\u00f3n de Islas Feroe, raz\u00f3n por la que se dud\u00f3 de su firma. A casi un a\u00f1o de esas cr\u00edticas, ya todo queda olvidado y afirm\u00f3 que est\u00e1 &#8220;encantado&#8221; y que &#8220;siempre&#8221; crey\u00f3 que iba a ganar un t\u00edtulo importante en su carrera.<\/p>\n<p style=\"text-align: center;\"><span style=\"color: #3366ff;\"><strong><a style=\"color: #3366ff;\" href=\"http:\/\/www.futboltotal.com.mx\/2016\/05\/10-cosas-sabias-del-campeon-premier-league-leicester-city\/\">LEER M\u00c1S: 10 cosas que necesitas saber del Leicester City<\/a><\/strong><\/span><\/p>\n<p>&#8220;Yo siempre cre\u00ed que iba a ganar un t\u00edtulo importante. No sab\u00eda d\u00f3nde, pero que iba a ganar algo. Soy una persona optimista y siempre cre\u00ed que podr\u00eda conseguirlo. Y ahora estoy encantado&#8221;, a\u00f1adi\u00f3 <strong>Ranieri<\/strong>.<\/p>\n<p>Sin embargo, el preparador romano dijo, entre las fastuosas celebraciones que se suceden en esta ciudad del centro de Inglaterra en el d\u00eda de hoy, que un triunfo as\u00ed sucede &#8220;una vez en la vida&#8221; y rechaz\u00f3 que el <strong>Leicester<\/strong> \u00a0pueda revalidar su t\u00edtulo la pr\u00f3xima campa\u00f1a, ni ganar una Copa y mucho menos la\u00a0Champions League.<\/p>\n<p>&#8220;Esto es algo que sucede una vez en la vida. No creo que podamos (ganar el a\u00f1o que viene), pero queremos seguir creciendo&#8221;, explic\u00f3 el italiano, de 64 a\u00f1os.\u00a0&#8220;Cuando llegu\u00e9 el proyecto era sentar las bases. La pr\u00f3xima temporada habr\u00e1 que luchar. Soy positivo y quiero hacerlo. Queremos hacer una buena temporada en Europa, en la Copa y acabar entre los diez primeros&#8221;, se\u00f1al\u00f3 el estratega del <strong>Leicester City<\/strong>.<\/p>\n<p>&nbsp;<\/p>\n","protected":false},"excerpt":{"rendered":"<p>Claudio Ranieri destac\u00f3 las metas del club para la futura campa\u00f1a<\/p>\n","protected":false},"author":20,"featured_media":393758,"comment_status":"closed","ping_status":"closed","sticky":false,"template":"","format":"standard","meta":[],"categories":[3839,3846,5951],"tags":[5025,775,334],"_links":{"self":[{"href":"http:\/\/desarrollo.grupomedios.com\/futbol\/wp-json\/wp\/v2\/posts\/393753"}],"collection":[{"href":"http:\/\/desarrollo.grupomedios.com\/futbol\/wp-json\/wp\/v2\/posts"}],"about":[{"href":"http:\/\/desarrollo.grupomedios.com\/futbol\/wp-json\/wp\/v2\/types\/post"}],"author":[{"embeddable":true,"href":"http:\/\/desarrollo.grupomedios.com\/futbol\/wp-json\/wp\/v2\/users\/20"}],"replies":[{"embeddable":true,"href":"http:\/\/desarrollo.grupomedios.com\/futbol\/wp-json\/wp\/v2\/comments?post=393753"}],"version-history":[{"count":0,"href":"http:\/\/desarrollo.grupomedios.com\/futbol\/wp-json\/wp\/v2\/posts\/393753\/revisions"}],"wp:featuredmedia":[{"embeddable":true,"href":"http:\/\/desarrollo.grupomedios.com\/futbol\/wp-json\/wp\/v2\/media\/393758"}],"wp:attachment":[{"href":"http:\/\/desarrollo.grupomedios.com\/futbol\/wp-json\/wp\/v2\/media?parent=393753"}],"wp:term":[{"taxonomy":"category","embeddable":true,"href":"http:\/\/desarrollo.grupomedios.com\/futbol\/wp-json\/wp\/v2\/categories?post=393753"},{"taxonomy":"post_tag","embeddable":true,"href":"http:\/\/desarrollo.grupomedios.com\/futbol\/wp-json\/wp\/v2\/tags?post=393753"}],"curies":[{"name":"wp","href":"https:\/\/api.w.org\/{rel}","templated":true}]}}