{"id":393874,"date":"2016-05-03T15:23:35","date_gmt":"2016-05-03T21:23:35","guid":{"rendered":"http:\/\/www.futboltotal.com.mx\/?p=393874"},"modified":"2016-05-03T15:23:35","modified_gmt":"2016-05-03T21:23:35","slug":"america-pierde-a-moises-munoz-inicio-liguilla","status":"publish","type":"post","link":"http:\/\/desarrollo.grupomedios.com\/futbol\/futbol-mexicano\/america-pierde-a-moises-munoz-inicio-liguilla\/2016\/05","title":{"rendered":"Mois\u00e9s Mu\u00f1oz, baja del Am\u00e9rica para liguilla"},"content":{"rendered":"<p>El Clausura 2016 no result\u00f3 como lo esperaba <strong>Mois\u00e9s Mu\u00f1oz<\/strong>, ya que perdi\u00f3 la titularidad, adem\u00e1s que las lesiones le impiden competirle a plenitud a Hugo Gonz\u00e1lez, por si fuera poco, el cancerbero del <strong><a href=\"http:\/\/futboltotal.com.mx\/equipos\/america\/\" target=\"_blank\">Am\u00e9rica<\/a><\/strong> volvi\u00f3 a causar baja y por eso no ser\u00e1 opci\u00f3n para el arranque de la liguilla.<\/p>\n<p>Desde inicio de abril, el arquero\u00a0juega con la Sub-20 y fue en un cotejo frente a Xolos que present\u00f3 problemas f\u00edsicos; en primera instancia se previa que tardar\u00eda dos semanas en recuperarse, pero todo se complic\u00f3.<\/p>\n<blockquote class=\"twitter-tweet\" data-lang=\"es\">\n<p dir=\"ltr\" lang=\"und\"><a href=\"https:\/\/twitter.com\/hashtag\/FelizCumplea%C3%B1osChurpias?src=hash\">#FelizCumplea\u00f1osChurpias<\/a> ??? <a href=\"https:\/\/t.co\/jVGbgofAa8\">pic.twitter.com\/jVGbgofAa8<\/a><\/p>\n<p>\u2014 Club Am\u00e9rica (@ClubAmerica) <a href=\"https:\/\/twitter.com\/ClubAmerica\/status\/727519762146713600\">3 de mayo de 2016<\/a><\/p><\/blockquote>\n<p><script src=\"\/\/platform.twitter.com\/widgets.js\" async=\"\" charset=\"utf-8\"><\/script><\/p>\n<p><strong>Mois\u00e9s Mu\u00f1oz<\/strong> ya entrenaba con el plantel <em>azulcrema<\/em>, sin embargo, no pod\u00eda realizar los mismos ejercicios que sus compa\u00f1eros. Tras agravarse la lesi\u00f3n, el portero tendr\u00e1 que esperar a que las <em>\u00c1guilas<\/em> avancen en la <em>Fiesta Grande<\/em> y so\u00f1ar con una oportunidad.<\/p>\n<p>\u201cFue fuerte la lesi\u00f3n, fue un esguince bastante fuerte, los t\u00e9rminos m\u00e9dicos no los conozco pero s\u00ed lleva tiempo y esperemos poder recuperarlo para las etapas importantes de liguilla, quiz\u00e1 no para Cuartos pero en caso de que el equipo avance tenerlo m\u00e1s adelante\u201d, explic\u00f3 el presidente deportivo del club, Ricardo Pel\u00e1ez<\/p>\n<p><span style=\"color: #ff0000;\"><strong>VIDEO<\/strong>: TOP 5 | Goles de la jornada 16 del Clausura 2016:<\/span><\/p>\n<p>[video_player]https:\/\/player.vimeo.com\/external\/165013546.hd.mp4?s=8285fb5b2934810bc59c13860892528bd6bd7400&amp;profile_id=174[\/video_player]<\/p>\n","protected":false},"excerpt":{"rendered":"<p>El portero se recuperar\u00eda hasta las Semifinales <\/p>\n","protected":false},"author":20,"featured_media":393876,"comment_status":"closed","ping_status":"closed","sticky":false,"template":"","format":"standard","meta":[],"categories":[2198,3845,5950],"tags":[5959,635],"_links":{"self":[{"href":"http:\/\/desarrollo.grupomedios.com\/futbol\/wp-json\/wp\/v2\/posts\/393874"}],"collection":[{"href":"http:\/\/desarrollo.grupomedios.com\/futbol\/wp-json\/wp\/v2\/posts"}],"about":[{"href":"http:\/\/desarrollo.grupomedios.com\/futbol\/wp-json\/wp\/v2\/types\/post"}],"author":[{"embeddable":true,"href":"http:\/\/desarrollo.grupomedios.com\/futbol\/wp-json\/wp\/v2\/users\/20"}],"replies":[{"embeddable":true,"href":"http:\/\/desarrollo.grupomedios.com\/futbol\/wp-json\/wp\/v2\/comments?post=393874"}],"version-history":[{"count":0,"href":"http:\/\/desarrollo.grupomedios.com\/futbol\/wp-json\/wp\/v2\/posts\/393874\/revisions"}],"wp:featuredmedia":[{"embeddable":true,"href":"http:\/\/desarrollo.grupomedios.com\/futbol\/wp-json\/wp\/v2\/media\/393876"}],"wp:attachment":[{"href":"http:\/\/desarrollo.grupomedios.com\/futbol\/wp-json\/wp\/v2\/media?parent=393874"}],"wp:term":[{"taxonomy":"category","embeddable":true,"href":"http:\/\/desarrollo.grupomedios.com\/futbol\/wp-json\/wp\/v2\/categories?post=393874"},{"taxonomy":"post_tag","embeddable":true,"href":"http:\/\/desarrollo.grupomedios.com\/futbol\/wp-json\/wp\/v2\/tags?post=393874"}],"curies":[{"name":"wp","href":"https:\/\/api.w.org\/{rel}","templated":true}]}}