{"id":393889,"date":"2016-05-04T08:00:13","date_gmt":"2016-05-04T14:00:13","guid":{"rendered":"http:\/\/www.futboltotal.com.mx\/?p=393889"},"modified":"2016-05-04T15:25:36","modified_gmt":"2016-05-04T21:25:36","slug":"la-ultima-vez-tres-clubes-hermanos-estuvieron-en-liga-mx","status":"publish","type":"post","link":"http:\/\/desarrollo.grupomedios.com\/futbol\/futbol-mexicano\/la-ultima-vez-tres-clubes-hermanos-estuvieron-en-liga-mx\/2016\/05","title":{"rendered":"La \u00faltima vez que tres hermanos estuvieron en Primera"},"content":{"rendered":"<p>Este mi\u00e9rcoles 4 de mayo, <strong>Mineros<\/strong> recibe al <strong>Necaxa<\/strong> en la final de ida del Clausura 2016, en el Ascenso MX; la escuadra de Zacatecas ha sido la sorpresa del torneo, aunque ha sido recurrente en liguillas de la <em>Divisi\u00f3n de Plata<\/em>, por su parte los <em>Rayos<\/em>, han tenido un semestre de ensue\u00f1o y esperan conseguir el anhelado regreso a la <strong><a href=\"http:\/\/www.futboltotal.com.mx\/futbol-mexicano\/\" target=\"_blank\">Liga MX<\/a><\/strong>.<\/p>\n<p>Pero lo interesante de este duelo, es lo que pasar\u00eda si cada uno ganara el torneo (y luego vencen a Ju\u00e1rez), en especial, los <strong>Mineros<\/strong>; y es que, si los <em>Rayos<\/em> ganan y consiguen su ascenso, significar\u00e1 el retorno de un hist\u00f3rico a la Primera Divisi\u00f3n, pero si lo hace el cuadro de Zacatecas, la <strong>Liga MX<\/strong> ver\u00e1 algo que no pasaba desde hace cinco a\u00f1os: tres equipos del mismo due\u00f1o, compitiendo en el M\u00e1ximo Circuito.<\/p>\n<p><em>Televisa<\/em> compr\u00f3 al Real San Luis en el Invierno de 2001, y al a\u00f1o siguiente, el equipo potosino consigui\u00f3 su ascenso, con lo que la empresa tuvo a tres equipos en Primera Divisi\u00f3n, desde el 2002 hasta el 2009, cuando el <strong>Necaxa<\/strong> desciende por primera vez en su historia.<\/p>\n<p><a href=\"http:\/\/www.futboltotal.com.mx\/wp-content\/uploads\/2016\/05\/necaxa-o-mineros-2.png\" rel=\"attachment wp-att-393921\"><img decoding=\"async\" loading=\"lazy\" class=\"alignnone size-full wp-image-393921\" src=\"http:\/\/www.futboltotal.com.mx\/wp-content\/uploads\/2016\/05\/necaxa-o-mineros-2.png\" alt=\"necaxa-o-mineros-2\" srcset=\"http:\/\/desarrollo.grupomedios.com\/futbol\/wp-content\/uploads\/2016\/05\/necaxa-o-mineros-2.png 820w, http:\/\/desarrollo.grupomedios.com\/futbol\/wp-content\/uploads\/2016\/05\/necaxa-o-mineros-2-300x110.png 300w, http:\/\/desarrollo.grupomedios.com\/futbol\/wp-content\/uploads\/2016\/05\/necaxa-o-mineros-2-768x281.png 768w\" sizes=\"(max-width: 820px) 100vw, 820px\" \/><\/a><\/p>\n<p>Luego de un a\u00f1o en el Ascenso MX, <strong>Necaxa<\/strong> retorn\u00f3 y durante el Apertura 2010 y el Clausura 2011, <em>Televisa<\/em> volvi\u00f3 a contar con tres equipos en el M\u00e1ximo Circuito, algo que molestaba desde a\u00f1os atr\u00e1s, a la prensa y otros due\u00f1os del balompi\u00e9 nacional.<\/p>\n<p><a href=\"http:\/\/www.futboltotal.com.mx\/wp-content\/uploads\/2016\/05\/necaxa-o-mineros-1.png\" rel=\"attachment wp-att-393922\"><img decoding=\"async\" loading=\"lazy\" class=\"alignnone size-full wp-image-393922\" src=\"http:\/\/www.futboltotal.com.mx\/wp-content\/uploads\/2016\/05\/necaxa-o-mineros-1.png\" alt=\"necaxa-o-mineros-1\" srcset=\"http:\/\/desarrollo.grupomedios.com\/futbol\/wp-content\/uploads\/2016\/05\/necaxa-o-mineros-1.png 820w, http:\/\/desarrollo.grupomedios.com\/futbol\/wp-content\/uploads\/2016\/05\/necaxa-o-mineros-1-300x110.png 300w, http:\/\/desarrollo.grupomedios.com\/futbol\/wp-content\/uploads\/2016\/05\/necaxa-o-mineros-1-768x281.png 768w\" sizes=\"(max-width: 820px) 100vw, 820px\" \/><\/a><\/p>\n<p>En 2011 se consum\u00f3 el segundo descenso de los <em>Rayos<\/em>, y en 2012, <em>Televisa<\/em> vendi\u00f3 al San Luis al <em>Grupo ICEL<\/em>, quien m\u00e1s tarde, tambi\u00e9n se deshizo del equipo. Dos a\u00f1os m\u00e1s tarde, mientras <strong>Necaxa<\/strong> segu\u00eda en el ascenso, la televisora de San \u00c1ngel vendi\u00f3 tambi\u00e9n a la escuadra <em>rojiblanca<\/em>, por lo que se qued\u00f3 con un equipo desde 2014, a\u00f1o en que Am\u00e9rica consuma el t\u00edtulo 12, con el que se convierte, en el club m\u00e1s ganador de la <strong>Liga MX<\/strong>.<\/p>\n<p>Han pasado cinco a\u00f1os y la historia se podr\u00eda repetir, pero en esta ocasi\u00f3n, ser\u00edan <em>Grupo Carso<\/em> y <em>Grupo Pachuca<\/em>, quienes tendr\u00edan tres equipos en la <strong>Liga MX<\/strong>: Pachuca, Le\u00f3n y <strong>Mineros<\/strong>, si es que el cuadro de Zacatecas, consiguiera su ascenso.<\/p>\n<p><a href=\"http:\/\/www.futboltotal.com.mx\/wp-content\/uploads\/2016\/05\/necaxa-o-mineros.png\" rel=\"attachment wp-att-393923\"><img decoding=\"async\" loading=\"lazy\" class=\"alignnone size-full wp-image-393923\" src=\"http:\/\/www.futboltotal.com.mx\/wp-content\/uploads\/2016\/05\/necaxa-o-mineros.png\" alt=\"necaxa-o-mineros\" srcset=\"http:\/\/desarrollo.grupomedios.com\/futbol\/wp-content\/uploads\/2016\/05\/necaxa-o-mineros.png 820w, http:\/\/desarrollo.grupomedios.com\/futbol\/wp-content\/uploads\/2016\/05\/necaxa-o-mineros-300x110.png 300w, http:\/\/desarrollo.grupomedios.com\/futbol\/wp-content\/uploads\/2016\/05\/necaxa-o-mineros-768x281.png 768w\" sizes=\"(max-width: 820px) 100vw, 820px\" \/><\/a><\/p>\n<p><span style=\"color: #ff0000;\"><strong>VIDEO<\/strong>: TOP 5 | Goles de la jornada 16 del Clausura 2016:<\/span><\/p>\n<p>[video_player]https:\/\/player.vimeo.com\/external\/165013546.hd.mp4?s=8285fb5b2934810bc59c13860892528bd6bd7400&amp;profile_id=174[\/video_player]<\/p>\n","protected":false},"excerpt":{"rendered":"<p>Si Necaxa no asciende, habr\u00eda tres equipos del mismo due\u00f1o en Liga MX<\/p>\n","protected":false},"author":20,"featured_media":393897,"comment_status":"closed","ping_status":"closed","sticky":false,"template":"","format":"standard","meta":[],"categories":[2198,3845,5950],"tags":[432,64,613,261],"_links":{"self":[{"href":"http:\/\/desarrollo.grupomedios.com\/futbol\/wp-json\/wp\/v2\/posts\/393889"}],"collection":[{"href":"http:\/\/desarrollo.grupomedios.com\/futbol\/wp-json\/wp\/v2\/posts"}],"about":[{"href":"http:\/\/desarrollo.grupomedios.com\/futbol\/wp-json\/wp\/v2\/types\/post"}],"author":[{"embeddable":true,"href":"http:\/\/desarrollo.grupomedios.com\/futbol\/wp-json\/wp\/v2\/users\/20"}],"replies":[{"embeddable":true,"href":"http:\/\/desarrollo.grupomedios.com\/futbol\/wp-json\/wp\/v2\/comments?post=393889"}],"version-history":[{"count":0,"href":"http:\/\/desarrollo.grupomedios.com\/futbol\/wp-json\/wp\/v2\/posts\/393889\/revisions"}],"wp:featuredmedia":[{"embeddable":true,"href":"http:\/\/desarrollo.grupomedios.com\/futbol\/wp-json\/wp\/v2\/media\/393897"}],"wp:attachment":[{"href":"http:\/\/desarrollo.grupomedios.com\/futbol\/wp-json\/wp\/v2\/media?parent=393889"}],"wp:term":[{"taxonomy":"category","embeddable":true,"href":"http:\/\/desarrollo.grupomedios.com\/futbol\/wp-json\/wp\/v2\/categories?post=393889"},{"taxonomy":"post_tag","embeddable":true,"href":"http:\/\/desarrollo.grupomedios.com\/futbol\/wp-json\/wp\/v2\/tags?post=393889"}],"curies":[{"name":"wp","href":"https:\/\/api.w.org\/{rel}","templated":true}]}}