{"id":393971,"date":"2016-05-03T19:22:59","date_gmt":"2016-05-04T01:22:59","guid":{"rendered":"http:\/\/www.futboltotal.com.mx\/?p=393971"},"modified":"2016-05-03T19:22:59","modified_gmt":"2016-05-04T01:22:59","slug":"voit-presenta-nuevo-balon-la-liguilla","status":"publish","type":"post","link":"http:\/\/desarrollo.grupomedios.com\/futbol\/futbol-mexicano\/voit-presenta-nuevo-balon-la-liguilla\/2016\/05","title":{"rendered":"Voit presenta nuevo bal\u00f3n para la Liguilla"},"content":{"rendered":"<p><strong>VOIT<\/strong>\u00a0en conjunto con la\u00a0<strong>Liga BBVA Bancomer<\/strong>, y\u00a0<strong>TV Azteca\u00a0<\/strong>present\u00f3 el bal\u00f3n con el que se jugar\u00e1 la liguilla del Clausura 2016, la final del Torneo BBVA Ascenso MX, y la final por el Ascenso a Primera Divisi\u00f3n, el\u00a0<strong>DYNAMO 2.0 LIMPIEMOS M\u00c9XICO<\/strong>.<\/p>\n<p>Este esf\u00e9rico tiene como finalidad unirse a la campa\u00f1a ambiental \u201cLimpiemos Nuestro M\u00e9xico\u201d, iniciativa de Fundaci\u00f3n Azteca de Grupo Salinas en alianza con la SEMARNAT, Grupo Bimbo y PEMEX, cuya misi\u00f3n es sensibilizar a la sociedad a tomar conciencia para dejar de tirar basura indiscriminadamente y respetar los bienes comunes.<\/p>\n<p><a href=\"http:\/\/www.futboltotal.com.mx\/wp-content\/uploads\/2016\/05\/Balon_Liguilla_2.jpg\" rel=\"attachment wp-att-393972\"><img decoding=\"async\" loading=\"lazy\" class=\"alignnone size-full wp-image-393972\" src=\"http:\/\/www.futboltotal.com.mx\/wp-content\/uploads\/2016\/05\/Balon_Liguilla_2.jpg\" alt=\"Balon_Liguilla_2\" srcset=\"http:\/\/desarrollo.grupomedios.com\/futbol\/wp-content\/uploads\/2016\/05\/Balon_Liguilla_2.jpg 820w, http:\/\/desarrollo.grupomedios.com\/futbol\/wp-content\/uploads\/2016\/05\/Balon_Liguilla_2-150x150.jpg 150w, http:\/\/desarrollo.grupomedios.com\/futbol\/wp-content\/uploads\/2016\/05\/Balon_Liguilla_2-300x300.jpg 300w, http:\/\/desarrollo.grupomedios.com\/futbol\/wp-content\/uploads\/2016\/05\/Balon_Liguilla_2-768x768.jpg 768w\" sizes=\"(max-width: 820px) 100vw, 820px\" \/><\/a><\/p>\n<p>El \u00a0<strong>DYNAMO 2.0 LIMPIEMOS M\u00c9XICO <\/strong>mantiene la l\u00ednea din\u00e1mica y de alto contraste, caracter\u00edsticas siempre presentes durante el Torneo, e incorpora los colores verde y dorado, que en conjunto buscan transmitir a los equipos participantes en la liguilla los objetivos de la campa\u00f1a anual de Fundaci\u00f3n Azteca a trav\u00e9s de la pasi\u00f3n por el deporte.<\/p>\n<p>&nbsp;<\/p>\n<blockquote class=\"twitter-tweet\" data-lang=\"en\">\n<p dir=\"ltr\" lang=\"es\">El deporte en M\u00e9xico se une para presentar el <a href=\"https:\/\/twitter.com\/hashtag\/Dynamo?src=hash\">#Dynamo<\/a> 2.0 de la liguilla. <a href=\"https:\/\/twitter.com\/LNMexico\">@LNMexico<\/a> <a href=\"https:\/\/twitter.com\/LIGABancomerMX\">@LIGABancomerMX<\/a> <a href=\"https:\/\/twitter.com\/hashtag\/ViveLimpio?src=hash\">#ViveLimpio<\/a> <a href=\"https:\/\/t.co\/gPbQyUqiV0\">pic.twitter.com\/gPbQyUqiV0<\/a><\/p>\n<p>\u2014 Voit (@Voit) <a href=\"https:\/\/twitter.com\/Voit\/status\/727629919870558208\">May 3, 2016<\/a><\/p><\/blockquote>\n<p><script src=\"\/\/platform.twitter.com\/widgets.js\" async=\"\" charset=\"utf-8\"><\/script><br \/>\n El conjunto de elementos en el dise\u00f1o del bal\u00f3n\u00a0<strong>DYNAMO 2.0 LIMPIEMOS M\u00c9XICO<\/strong>, busca transmitir a los jugadores de la fase y a los fan\u00e1ticos del balompi\u00e9 la importancia de la uni\u00f3n como sociedad por un bien com\u00fan, en este caso la uni\u00f3n por mantener a nuestro pa\u00eds limpio.<\/p>\n<p>\u201cLa liguilla es una etapa impredecible, donde los mejores equipos del torneo se debaten para coronarse, por lo que en Voit trabajamos para plasmar la combinaci\u00f3n entre la pasi\u00f3n por el deporte y el compromiso hacia el medio ambiente en el\u00a0<strong>DYNAMO 2.0 Liguilla\u201d, <\/strong>asegur\u00f3 V\u00edctor Pacheco, Director de Mercadotecnia de Voit.<\/p>\n<p>&nbsp;<\/p>\n<blockquote class=\"twitter-tweet\" data-lang=\"en\"><p>\n<a href=\"https:\/\/twitter.com\/hashtag\/JuegaLimpio?src=hash\">#JuegaLimpio<\/a> As\u00ed se ve el bal\u00f3n Dynamo 2.0 Limpiemos Nuestro M\u00e9xico. <a href=\"https:\/\/t.co\/ADOIr18Zni\">pic.twitter.com\/ADOIr18Zni<\/a><\/p>\n<p>\u2014 LIGA Bancomer MX (@LIGABancomerMX) <a href=\"https:\/\/twitter.com\/LIGABancomerMX\/status\/727634762551066624\">May 3, 2016<\/a>\n<\/p><\/blockquote>\n<p><script src=\"\/\/platform.twitter.com\/widgets.js\" async=\"\" charset=\"utf-8\"><\/script><\/p>\n<p>Por su parte, <strong>Enrique Bonilla<\/strong>, Presidente Ejecutivo de la\u00a0LIGA MX \u00a0y el ASCENSO MX, reiter\u00f3 el apoyo de la Liga hacia causas tan nobles como el cuidado del ambiente, y asegur\u00f3 que la\u00a0 Liga seguir\u00e1 trabajando para que a trav\u00e9s del deporte se eduque a futuras generaciones.<\/p>\n<p>El bal\u00f3n que juega bajo el lema <strong>#JuegaLimpio<\/strong>, <strong>#Est\u00e1EnTuCancha<\/strong> y <strong>#ViveLimpio<\/strong> estar\u00e1 disponible a la venta una edici\u00f3n especial de 1000 piezas a partir del lunes 9 de mayo en exclusiva en tiendas Mart\u00ed e INNOVA, tendr\u00e1 un costo de $1499.00 y rodar\u00e1 en las canchas desde el pr\u00f3ximo viernes 6 de mayo y hasta la final del Torneo de <strong>Clausura 2016<\/strong>.<\/p>\n<p style=\"text-align: center;\"><span style=\"color: #3366ff;\"><a style=\"color: #3366ff;\" href=\"http:\/\/www.futboltotal.com.mx\/2016\/05\/what-the-mercurial-los-nuevos-tacos-nike\/\" target=\"_blank\"><strong>LEER M\u00c1S:<\/strong> La incre\u00edble historia de unos zapatos de f\u00fatbol<\/a><\/span><\/p>\n<p style=\"text-align: center;\">\n","protected":false},"excerpt":{"rendered":"<p>Instituciones p\u00fablicas y privadas se unen por un M\u00e9xico m\u00e1s limpio.<\/p>\n","protected":false},"author":20,"featured_media":393973,"comment_status":"closed","ping_status":"closed","sticky":false,"template":"","format":"standard","meta":[],"categories":[3843,5419,2198,3845,5950],"tags":[6458,6367],"_links":{"self":[{"href":"http:\/\/desarrollo.grupomedios.com\/futbol\/wp-json\/wp\/v2\/posts\/393971"}],"collection":[{"href":"http:\/\/desarrollo.grupomedios.com\/futbol\/wp-json\/wp\/v2\/posts"}],"about":[{"href":"http:\/\/desarrollo.grupomedios.com\/futbol\/wp-json\/wp\/v2\/types\/post"}],"author":[{"embeddable":true,"href":"http:\/\/desarrollo.grupomedios.com\/futbol\/wp-json\/wp\/v2\/users\/20"}],"replies":[{"embeddable":true,"href":"http:\/\/desarrollo.grupomedios.com\/futbol\/wp-json\/wp\/v2\/comments?post=393971"}],"version-history":[{"count":0,"href":"http:\/\/desarrollo.grupomedios.com\/futbol\/wp-json\/wp\/v2\/posts\/393971\/revisions"}],"wp:featuredmedia":[{"embeddable":true,"href":"http:\/\/desarrollo.grupomedios.com\/futbol\/wp-json\/wp\/v2\/media\/393973"}],"wp:attachment":[{"href":"http:\/\/desarrollo.grupomedios.com\/futbol\/wp-json\/wp\/v2\/media?parent=393971"}],"wp:term":[{"taxonomy":"category","embeddable":true,"href":"http:\/\/desarrollo.grupomedios.com\/futbol\/wp-json\/wp\/v2\/categories?post=393971"},{"taxonomy":"post_tag","embeddable":true,"href":"http:\/\/desarrollo.grupomedios.com\/futbol\/wp-json\/wp\/v2\/tags?post=393971"}],"curies":[{"name":"wp","href":"https:\/\/api.w.org\/{rel}","templated":true}]}}