{"id":393981,"date":"2016-05-03T20:27:39","date_gmt":"2016-05-04T02:27:39","guid":{"rendered":"http:\/\/www.futboltotal.com.mx\/?p=393981"},"modified":"2016-05-03T20:27:39","modified_gmt":"2016-05-04T02:27:39","slug":"josephine-skriver-la-siguiente-novia-ronaldo","status":"publish","type":"post","link":"http:\/\/desarrollo.grupomedios.com\/futbol\/galerias\/josephine-skriver-la-siguiente-novia-ronaldo\/2016\/05","title":{"rendered":"Josephine Skriver, \u00bfla siguiente novia de Ronaldo?"},"content":{"rendered":"<p>De acuerdo con la prensa portuguesa, <strong>Cristiano Ronaldo<\/strong> tiene en la mira a la modelo <strong>Josephine Skriver<\/strong>, sin embargo, la conclusi\u00f3n de los medios lusos sali\u00f3 a ra\u00edz que el jugador le dio \u201cMe gusta\u201d a una foto de la chica.<\/p>\n<p><em>Crack<\/em>, \u00bfcrees que exageraron?<\/p>\n<div id=\"gallerykUs\" style=\"display:none;\"><img alt=\"\" src=\"http:\/\/desarrollo.grupomedios.com\/futbol\/wp-content\/uploads\/2016\/05\/galeria-josephine-skriver-1.jpg\" data-image=\"http:\/\/desarrollo.grupomedios.com\/futbol\/wp-content\/uploads\/2016\/05\/galeria-josephine-skriver-1.jpg\" data-description=\"galeria-josephine-skriver-1\"><img alt=\"\" src=\"http:\/\/desarrollo.grupomedios.com\/futbol\/wp-content\/uploads\/2016\/05\/galeria-josephine-skriver-2.jpg\" data-image=\"http:\/\/desarrollo.grupomedios.com\/futbol\/wp-content\/uploads\/2016\/05\/galeria-josephine-skriver-2.jpg\" data-description=\"galeria-josephine-skriver-2\"><img alt=\"\" src=\"http:\/\/desarrollo.grupomedios.com\/futbol\/wp-content\/uploads\/2016\/05\/galeria-josephine-skriver-3.jpg\" data-image=\"http:\/\/desarrollo.grupomedios.com\/futbol\/wp-content\/uploads\/2016\/05\/galeria-josephine-skriver-3.jpg\" data-description=\"galeria-josephine-skriver-3\"><img alt=\"\" src=\"http:\/\/desarrollo.grupomedios.com\/futbol\/wp-content\/uploads\/2016\/05\/galeria-josephine-skriver-4.jpg\" data-image=\"http:\/\/desarrollo.grupomedios.com\/futbol\/wp-content\/uploads\/2016\/05\/galeria-josephine-skriver-4.jpg\" data-description=\"galeria-josephine-skriver-4\"><img alt=\"\" src=\"http:\/\/desarrollo.grupomedios.com\/futbol\/wp-content\/uploads\/2016\/05\/galeria-josephine-skriver-5.jpg\" data-image=\"http:\/\/desarrollo.grupomedios.com\/futbol\/wp-content\/uploads\/2016\/05\/galeria-josephine-skriver-5.jpg\" data-description=\"galeria-josephine-skriver-5\"><img alt=\"\" src=\"http:\/\/desarrollo.grupomedios.com\/futbol\/wp-content\/uploads\/2016\/05\/galeria-josephine-skriver-6.jpg\" data-image=\"http:\/\/desarrollo.grupomedios.com\/futbol\/wp-content\/uploads\/2016\/05\/galeria-josephine-skriver-6.jpg\" data-description=\"galeria-josephine-skriver-6\"><img alt=\"\" src=\"http:\/\/desarrollo.grupomedios.com\/futbol\/wp-content\/uploads\/2016\/05\/galeria-josephine-skriver-7.jpg\" data-image=\"http:\/\/desarrollo.grupomedios.com\/futbol\/wp-content\/uploads\/2016\/05\/galeria-josephine-skriver-7.jpg\" data-description=\"galeria-josephine-skriver-7\"><img alt=\"\" src=\"http:\/\/desarrollo.grupomedios.com\/futbol\/wp-content\/uploads\/2016\/05\/galeria-josephine-skriver-8.jpg\" data-image=\"http:\/\/desarrollo.grupomedios.com\/futbol\/wp-content\/uploads\/2016\/05\/galeria-josephine-skriver-8.jpg\" data-description=\"galeria-josephine-skriver-8\"><\/div>\n        <script>\n        \/\/galeria 1\n        jQuery(document).ready(function(){ \n            var api;\n            api = jQuery(\"#gallerykUs\").unitegallery({\n                carousel_autoplay: false\n            }); \n        });\n        <\/script>\n        \n","protected":false},"excerpt":{"rendered":"<p>CR7 no dej\u00f3 la oportunidad de admirar la belleza de la modelo <\/p>\n","protected":false},"author":20,"featured_media":393990,"comment_status":"closed","ping_status":"closed","sticky":false,"template":"","format":"standard","meta":[],"categories":[6408,5422,3],"tags":[4166,2033],"_links":{"self":[{"href":"http:\/\/desarrollo.grupomedios.com\/futbol\/wp-json\/wp\/v2\/posts\/393981"}],"collection":[{"href":"http:\/\/desarrollo.grupomedios.com\/futbol\/wp-json\/wp\/v2\/posts"}],"about":[{"href":"http:\/\/desarrollo.grupomedios.com\/futbol\/wp-json\/wp\/v2\/types\/post"}],"author":[{"embeddable":true,"href":"http:\/\/desarrollo.grupomedios.com\/futbol\/wp-json\/wp\/v2\/users\/20"}],"replies":[{"embeddable":true,"href":"http:\/\/desarrollo.grupomedios.com\/futbol\/wp-json\/wp\/v2\/comments?post=393981"}],"version-history":[{"count":0,"href":"http:\/\/desarrollo.grupomedios.com\/futbol\/wp-json\/wp\/v2\/posts\/393981\/revisions"}],"wp:featuredmedia":[{"embeddable":true,"href":"http:\/\/desarrollo.grupomedios.com\/futbol\/wp-json\/wp\/v2\/media\/393990"}],"wp:attachment":[{"href":"http:\/\/desarrollo.grupomedios.com\/futbol\/wp-json\/wp\/v2\/media?parent=393981"}],"wp:term":[{"taxonomy":"category","embeddable":true,"href":"http:\/\/desarrollo.grupomedios.com\/futbol\/wp-json\/wp\/v2\/categories?post=393981"},{"taxonomy":"post_tag","embeddable":true,"href":"http:\/\/desarrollo.grupomedios.com\/futbol\/wp-json\/wp\/v2\/tags?post=393981"}],"curies":[{"name":"wp","href":"https:\/\/api.w.org\/{rel}","templated":true}]}}