{"id":393994,"date":"2016-05-03T20:11:19","date_gmt":"2016-05-04T02:11:19","guid":{"rendered":"http:\/\/www.futboltotal.com.mx\/?p=393994"},"modified":"2016-05-04T11:01:03","modified_gmt":"2016-05-04T17:01:03","slug":"10-fichajes-romperan-mercado-en-verano","status":"publish","type":"post","link":"http:\/\/desarrollo.grupomedios.com\/futbol\/futbol-internacional\/10-fichajes-romperan-mercado-en-verano\/2016\/05","title":{"rendered":"10 fichajes que romper\u00e1n el mercado en verano"},"content":{"rendered":"<p>La temporada 2015-16 vive sus \u00faltimas jornadas y desde ahora algunos de los mejores jugadores ya est\u00e1n en el escaparate del mercado de <strong>fichajes<\/strong>. Sin excepci\u00f3n, todos han sido vinculados con alg\u00fan club en las \u00faltimas fechas y su traspaso implicar\u00eda millonarias cifras, ya sea porque as\u00ed lo exige su cl\u00e1usula de rescisi\u00f3n de cada uno o porque los clubes a los que pertenecen han fijado el precio de su salida en oro puro.<\/p>\n<p>Por ello, en <strong>Futbol Total<\/strong> te presentamos una lista con los 10 fichajes que romper\u00e1n el mercado en verano. En total mover\u00edan m\u00e1s de 700 millones de euros (poco m\u00e1s de 805 MDD).<br \/>\n<script src=\"\/\/cdn.playbuzz.com\/widget\/feed.js\" type=\"text\/javascript\"><\/script><\/p>\n<div class=\"pb_feed\" style=\"text-align: center;\" data-embed-by=\"d43f3879-83ed-40bc-99d7-fde80605466f\" data-game=\"\/futboltotal\/10-fichajes-que-romper-n-el-mercado-en-verano\" data-recommend=\"false\" data-game-info=\"false\"><span style=\"color: #3366ff;\"><strong><a style=\"color: #3366ff;\" href=\"http:\/\/www.futboltotal.com.mx\/futbol-internacional\/\"> LEER M\u00c1S: Todas las noticias de futbol internacional<\/a><\/strong><\/span><\/div>\n","protected":false},"excerpt":{"rendered":"<p>Estos cracks figuran entre los m\u00e1s deseados por los clubes en Europa<\/p>\n","protected":false},"author":20,"featured_media":394008,"comment_status":"closed","ping_status":"closed","sticky":false,"template":"","format":"standard","meta":[],"categories":[3839,3844,3846,3848,5951],"tags":[6147],"_links":{"self":[{"href":"http:\/\/desarrollo.grupomedios.com\/futbol\/wp-json\/wp\/v2\/posts\/393994"}],"collection":[{"href":"http:\/\/desarrollo.grupomedios.com\/futbol\/wp-json\/wp\/v2\/posts"}],"about":[{"href":"http:\/\/desarrollo.grupomedios.com\/futbol\/wp-json\/wp\/v2\/types\/post"}],"author":[{"embeddable":true,"href":"http:\/\/desarrollo.grupomedios.com\/futbol\/wp-json\/wp\/v2\/users\/20"}],"replies":[{"embeddable":true,"href":"http:\/\/desarrollo.grupomedios.com\/futbol\/wp-json\/wp\/v2\/comments?post=393994"}],"version-history":[{"count":0,"href":"http:\/\/desarrollo.grupomedios.com\/futbol\/wp-json\/wp\/v2\/posts\/393994\/revisions"}],"wp:featuredmedia":[{"embeddable":true,"href":"http:\/\/desarrollo.grupomedios.com\/futbol\/wp-json\/wp\/v2\/media\/394008"}],"wp:attachment":[{"href":"http:\/\/desarrollo.grupomedios.com\/futbol\/wp-json\/wp\/v2\/media?parent=393994"}],"wp:term":[{"taxonomy":"category","embeddable":true,"href":"http:\/\/desarrollo.grupomedios.com\/futbol\/wp-json\/wp\/v2\/categories?post=393994"},{"taxonomy":"post_tag","embeddable":true,"href":"http:\/\/desarrollo.grupomedios.com\/futbol\/wp-json\/wp\/v2\/tags?post=393994"}],"curies":[{"name":"wp","href":"https:\/\/api.w.org\/{rel}","templated":true}]}}