{"id":394097,"date":"2016-05-04T11:19:11","date_gmt":"2016-05-04T17:19:11","guid":{"rendered":"http:\/\/www.futboltotal.com.mx\/?p=394097"},"modified":"2016-05-04T17:42:11","modified_gmt":"2016-05-04T23:42:11","slug":"napoli-medita-fichaje-herrera","status":"publish","type":"post","link":"http:\/\/desarrollo.grupomedios.com\/futbol\/destacado-home\/napoli-medita-fichaje-herrera\/2016\/05","title":{"rendered":"Napoli medita el fichaje de Herrera"},"content":{"rendered":"<p>El <strong>Napoli<\/strong> no se olvida del mediocampista mexicano <strong>H\u00e9ctor Herrera<\/strong>. La entidad italiana ha reactivado el inter\u00e9s por ficharlo y lo contempla como una de los futuribles refuerzos para la pr\u00f3xima temporada 2016-17.<\/p>\n<p>En Italia el nombre de<strong> Herrera<\/strong> suena muy fuerte como uno de los centrocampistas que tiene en mente el director deportivo del club, Cristiano Giuntoli, seg\u00fan revela este mi\u00e9rcoles el diario <em>Corriere dello Sport. <\/em><\/p>\n<p style=\"text-align: center;\"><span style=\"color: #3366ff;\"><strong><a style=\"color: #3366ff;\" href=\"http:\/\/www.futboltotal.com.mx\/2016\/04\/razones-las-hector-herrera-dejaria-al-porto\/\">LEER M\u00c1S: Cinco razones por las que Herrera puede dejar el Porto<\/a><\/strong><\/span><\/p>\n<p><a href=\"http:\/\/www.futboltotal.com.mx\/wp-content\/uploads\/2016\/05\/Herrera-corriere.jpg\" rel=\"attachment wp-att-394098\"><img decoding=\"async\" loading=\"lazy\" class=\"alignnone size-full wp-image-394098\" src=\"http:\/\/www.futboltotal.com.mx\/wp-content\/uploads\/2016\/05\/Herrera-corriere.jpg\" alt=\"Herrera corriere\" srcset=\"http:\/\/desarrollo.grupomedios.com\/futbol\/wp-content\/uploads\/2016\/05\/Herrera-corriere.jpg 486w, http:\/\/desarrollo.grupomedios.com\/futbol\/wp-content\/uploads\/2016\/05\/Herrera-corriere-203x300.jpg 203w\" sizes=\"(max-width: 486px) 100vw, 486px\" \/><\/a><\/p>\n<p><strong>Napoli<\/strong> contempla la incorporaci\u00f3n de al menos un centrocampista de corte ofensivo, menor de 27 a\u00f1os, para la siguiente temporada y las dos principales opciones son Christoph Kramer, compa\u00f1ero de Javier Hern\u00e1ndez en el Bayer Leverkusen, y <strong>H\u00e9ctor Herrera<\/strong>, quien pese a que no ser\u00e1 campe\u00f3n de liga con el Porto, ha firmado su mejor temporada con los <em>Dragones<\/em> tras marcar por primera vez nueve anotaciones.<\/p>\n<p><strong>Napoli\u00a0<\/strong>estar\u00eda dispuesto a pagar los 40 millones de euros para romper el contrato que vincula a H\u00e9ctor Herrera con el Porto hasta 2019. Por ahora, solo hay platicas para reunirse y negociar el traspaso, pero ser\u00e1 hasta que termine la presente temporada, seg\u00fan el reporte del medio citado.<\/p>\n<p>El<strong> Napoli<\/strong> tiene por ahora la segunda y \u00faltima plaza para disputar la pr\u00f3xima Champions League, cuando solo faltan dos jornadas por disputarse de la actual campa\u00f1a. Amarrar el pasaporte ser\u00e1 como es habitual, una plus que podr\u00eda facilitar la llegada del mexicano.<\/p>\n<p>&nbsp;<\/p>\n","protected":false},"excerpt":{"rendered":"<p>Los Azzurri contemplan al mexicano como refuerzo para la siguiente campa\u00f1a <\/p>\n","protected":false},"author":20,"featured_media":389390,"comment_status":"closed","ping_status":"closed","sticky":false,"template":"","format":"standard","meta":[],"categories":[5,3839,6718],"tags":[5995,160],"_links":{"self":[{"href":"http:\/\/desarrollo.grupomedios.com\/futbol\/wp-json\/wp\/v2\/posts\/394097"}],"collection":[{"href":"http:\/\/desarrollo.grupomedios.com\/futbol\/wp-json\/wp\/v2\/posts"}],"about":[{"href":"http:\/\/desarrollo.grupomedios.com\/futbol\/wp-json\/wp\/v2\/types\/post"}],"author":[{"embeddable":true,"href":"http:\/\/desarrollo.grupomedios.com\/futbol\/wp-json\/wp\/v2\/users\/20"}],"replies":[{"embeddable":true,"href":"http:\/\/desarrollo.grupomedios.com\/futbol\/wp-json\/wp\/v2\/comments?post=394097"}],"version-history":[{"count":0,"href":"http:\/\/desarrollo.grupomedios.com\/futbol\/wp-json\/wp\/v2\/posts\/394097\/revisions"}],"wp:featuredmedia":[{"embeddable":true,"href":"http:\/\/desarrollo.grupomedios.com\/futbol\/wp-json\/wp\/v2\/media\/389390"}],"wp:attachment":[{"href":"http:\/\/desarrollo.grupomedios.com\/futbol\/wp-json\/wp\/v2\/media?parent=394097"}],"wp:term":[{"taxonomy":"category","embeddable":true,"href":"http:\/\/desarrollo.grupomedios.com\/futbol\/wp-json\/wp\/v2\/categories?post=394097"},{"taxonomy":"post_tag","embeddable":true,"href":"http:\/\/desarrollo.grupomedios.com\/futbol\/wp-json\/wp\/v2\/tags?post=394097"}],"curies":[{"name":"wp","href":"https:\/\/api.w.org\/{rel}","templated":true}]}}