{"id":394215,"date":"2016-05-04T15:07:09","date_gmt":"2016-05-04T21:07:09","guid":{"rendered":"http:\/\/www.futboltotal.com.mx\/?p=394215"},"modified":"2016-05-04T15:07:09","modified_gmt":"2016-05-04T21:07:09","slug":"liga-mx-aportaria-56-jugadores-a-la-copa-america","status":"publish","type":"post","link":"http:\/\/desarrollo.grupomedios.com\/futbol\/futbol-mexicano\/liga-mx-aportaria-56-jugadores-a-la-copa-america\/2016\/05","title":{"rendered":"Liga MX aportar\u00eda hasta 56 jugadores a la Copa Am\u00e9rica"},"content":{"rendered":"<p>La <strong>Copa Am\u00e9rica Centenario<\/strong> est\u00e1 cada vez m\u00e1s cerca, por eso las selecciones dieron a conocer su prelista de convocados, en la que destaca la presencia de 55 jugadores que militan en la <strong><a href=\"http:\/\/www.futboltotal.com.mx\/futbol-mexicano\/\" target=\"_blank\">Liga MX<\/a><\/strong> y uno del Ascenso MX, estad\u00edstica que aument\u00f3 con respecto a Chile 2015 donde el futbol mexicano aport\u00f3 34 elementos.<\/p>\n<p>Como era de esperarse el n\u00famero se reduce dr\u00e1sticamente si se elimina a las piezas de la Selecci\u00f3n Nacional ya que son 27 jugadores, pero a\u00fan as\u00ed son 29 los futbolistas divididos en nueve representativos.<\/p>\n<blockquote class=\"twitter-tweet\" data-lang=\"es\">\n<p dir=\"ltr\" lang=\"es\">Se Present\u00f3 la Campa\u00f1a \u201cLimpiemos Nuestro M\u00e9xico\u201d . <a href=\"https:\/\/t.co\/pPpoejNjGV\">https:\/\/t.co\/pPpoejNjGV<\/a> <a href=\"https:\/\/t.co\/N4EIDesVrN\">pic.twitter.com\/N4EIDesVrN<\/a><\/p>\n<p>\u2014 LIGA Bancomer MX (@LIGABancomerMX) <a href=\"https:\/\/twitter.com\/LIGABancomerMX\/status\/727655255966552065\">4 de mayo de 2016<\/a><\/p><\/blockquote>\n<p><script src=\"\/\/platform.twitter.com\/widgets.js\" async=\"\" charset=\"utf-8\"><\/script><\/p>\n<p>El combinado que m\u00e1s echa mano de la <strong>Liga MX<\/strong>, es Paraguay con seis, seguido de Uruguay y Colombia con cuatro.<\/p>\n<p>As\u00ed se reparten los pre seleccionados de la<strong> Copa Am\u00e9rica<\/strong>:<\/p>\n<p><span style=\"color: #ff0000;\"><strong>Argentina<\/strong><\/span> (3) | Nahuel Guzm\u00e1n (Tigres), Agust\u00edn Marches\u00edn (Santos Laguna), Guido Pizarro (Tigres),<\/p>\n<p><span style=\"color: #ff0000;\"><strong>Chile<\/strong><\/span> (3) | Fernando Meneses (Veracruz), Bryan Rabello (Santos Laguna), Francisco Silva (Chiapas).<\/p>\n<p><span style=\"color: #ff0000;\"><strong>Colombia<\/strong><\/span> (4) | Stefan Medina (Pachuca), Oscar Murillo (Pachuca), Edwin Cardona (Monterrey), Dayro Moreno (Xolos) y Luis Qui\u00f1ones (Pumas).<\/p>\n<p><span style=\"color: #ff0000;\"><strong>Ecuador<\/strong><\/span> (3) | Walter Ayov\u00ed (Monterrey), Michael Arroyo (Am\u00e9rica) y Fidel Mart\u00ednez (Pumas).<\/p>\n<p><span style=\"color: #ff0000;\"><strong>M\u00e9xico<\/strong><\/span> (27) | Jes\u00fas Corona (Cruz Azul), Jonathan Orozco (Monterrey) Alejandro Palacios (Pumas), Alfredo Talavera (Toluca), Pa\u00fal Aguilar (Am\u00e9rica), N\u00e9stor Araujo (Santos Laguna), Yasser Corona (Quer\u00e9taro), Israel Jim\u00e9nez (Tigres), Ra\u00fal L\u00f3pez (Chivas), Rafael M\u00e1rquez (Atlas), Jes\u00fas Molina (Santos Laguna), Jos\u00e9 Arturo Rivas (Tigres), Carlos Salcedo (Chivas), Jorge Torres Nilo (Tigres), Jes\u00fas Due\u00f1as (Tigres), El\u00edas Hern\u00e1ndez (Le\u00f3n,), Carlos Pe\u00f1a (Chivas), Rodolfo Pizarro (Pachuca), Jos\u00e9 Juan V\u00e1zquez (Le\u00f3n), Javier Aquino (Tigres), Isaac Brizuela (Chivas), J\u00fcrgen Damm (Tigres), Hirving Lozano (Pachuca), Oribe Peralta (Club Am\u00e9rica), Orbel\u00edn Pineda (Chivas), C\u00e1ndido Ram\u00edrez (Monterrey) y Eduardo Herrera (Pumas).<\/p>\n<p><span style=\"color: #ff0000;\"><strong>Panam\u00e1<\/strong><\/span> (2) | Felipe Baloy (Atlas) y Roberto Nurse (Mineros de Zacatecas).<\/p>\n<p>Paraguay (6) | Pablo Aguilar (Am\u00e9rica), Miguel Samudio (Am\u00e9rica), Paulo da Silva (Toluca), Osvaldo Mart\u00ednez (Am\u00e9rica), \u00c9dgar Ben\u00edtez (Quer\u00e9taro) y Jorge Ben\u00edtez (Cruz Azul).<\/p>\n<p><span style=\"color: #ff0000;\"><strong>Per\u00fa<\/strong><\/span> (1) | Christian Cueva (Toluca).<\/p>\n<p><span style=\"color: #ff0000;\"><strong>Uruguay<\/strong><\/span> (4) | Egidio Ar\u00e9valo (Atlas), \u00c1lvaro Gonz\u00e1lez (Atlas), Brian Lozano (Am\u00e9rica) y Carlos S\u00e1nchez (Monterrey).<\/p>\n<p><span style=\"color: #ff0000;\"><strong>Estados<\/strong> <strong>Unidos<\/strong><\/span> (3) | Ventura Alvarado (Am\u00e9rica), \u00c9dgar Castillo (Monterrey) y Michael Orozco (Xolos).<\/p>\n<p><span style=\"color: #ff0000;\"><strong>VIDEO<\/strong>: Agenda de TV de la jornada 17<\/span><\/p>\n<p>[video_player]https:\/\/player.vimeo.com\/external\/165058004.sd.mp4?s=3a5ad192ee961327953bc4f6f458366da4d0b35c&amp;profile_id=165[\/video_player]<\/p>\n","protected":false},"excerpt":{"rendered":"<p>29 ser\u00edan de nueve selecciones <\/p>\n","protected":false},"author":20,"featured_media":394220,"comment_status":"closed","ping_status":"closed","sticky":false,"template":"","format":"standard","meta":[],"categories":[6950,2198,3845,6953,5950],"tags":[2130,64],"_links":{"self":[{"href":"http:\/\/desarrollo.grupomedios.com\/futbol\/wp-json\/wp\/v2\/posts\/394215"}],"collection":[{"href":"http:\/\/desarrollo.grupomedios.com\/futbol\/wp-json\/wp\/v2\/posts"}],"about":[{"href":"http:\/\/desarrollo.grupomedios.com\/futbol\/wp-json\/wp\/v2\/types\/post"}],"author":[{"embeddable":true,"href":"http:\/\/desarrollo.grupomedios.com\/futbol\/wp-json\/wp\/v2\/users\/20"}],"replies":[{"embeddable":true,"href":"http:\/\/desarrollo.grupomedios.com\/futbol\/wp-json\/wp\/v2\/comments?post=394215"}],"version-history":[{"count":0,"href":"http:\/\/desarrollo.grupomedios.com\/futbol\/wp-json\/wp\/v2\/posts\/394215\/revisions"}],"wp:featuredmedia":[{"embeddable":true,"href":"http:\/\/desarrollo.grupomedios.com\/futbol\/wp-json\/wp\/v2\/media\/394220"}],"wp:attachment":[{"href":"http:\/\/desarrollo.grupomedios.com\/futbol\/wp-json\/wp\/v2\/media?parent=394215"}],"wp:term":[{"taxonomy":"category","embeddable":true,"href":"http:\/\/desarrollo.grupomedios.com\/futbol\/wp-json\/wp\/v2\/categories?post=394215"},{"taxonomy":"post_tag","embeddable":true,"href":"http:\/\/desarrollo.grupomedios.com\/futbol\/wp-json\/wp\/v2\/tags?post=394215"}],"curies":[{"name":"wp","href":"https:\/\/api.w.org\/{rel}","templated":true}]}}