{"id":394470,"date":"2016-05-05T11:18:28","date_gmt":"2016-05-05T17:18:28","guid":{"rendered":"http:\/\/www.futboltotal.com.mx\/?p=394470"},"modified":"2016-05-05T11:18:28","modified_gmt":"2016-05-05T17:18:28","slug":"guardiola-cepillaria-10-jugadores","status":"publish","type":"post","link":"http:\/\/desarrollo.grupomedios.com\/futbol\/futbol-internacional\/guardiola-cepillaria-10-jugadores\/2016\/05","title":{"rendered":"Guardiola cepillar\u00eda hasta a 10 jugadores&#8230;"},"content":{"rendered":"<p><strong>Pep Guardiola<\/strong> planea hacer una limpia en el <strong>Manchester City<\/strong>, escuadra que dirigir\u00e1 desde la pr\u00f3xima temporada. Seg\u00fan reportes de la prensa inglesa, el entrenador catal\u00e1n pretende sacar a por lo menos diez futbolistas de la actual plantilla.<\/p>\n<p>En ese sentido, se recuerda la revolucionar\u00eda renovaci\u00f3n de la plantel del Barcelona, en 2008 cuando lleg\u00f3 al primer equipo <em>blaugrana<\/em>.<\/p>\n<p style=\"text-align: center;\"><span style=\"color: #3366ff;\"><strong><a style=\"color: #3366ff;\" href=\"http:\/\/www.futboltotal.com.mx\/2016\/05\/pep-guardiola-cinco-pecados-en-bayern-munich\/\">LEER M\u00c1S: Cinco pecados de Guardiola en el Bayern<\/a><\/strong><\/span><\/p>\n<p>Sobre las bajas, se apunta que los jugadores que podr\u00edan salir de los <strong>Manchester City<\/strong> son: Yaya Tour\u00e9, Mart\u00edn Demichelis, Ga\u00ebl Clichy, Bacary Sagna, Fernando, Willy Caballero, Wilfried Bony, Samir Nasri, Aleksandar Kolarov y Richard Wright.<\/p>\n<p>En tanto, se apunta que Pablo Zabaleta tambi\u00e9n podr\u00eda irse, aunque su presencia es fuerte en el vestidor y eso podr\u00eda salvarlo.<\/p>\n<blockquote class=\"twitter-tweet\" data-lang=\"es\">\n<p dir=\"ltr\" lang=\"en\">Match highlights from the Bernabeu.<a href=\"https:\/\/twitter.com\/hashtag\/realvcity?src=hash\">#realvcity<\/a> action on CityTV \u27a1\ufe0f <a href=\"https:\/\/t.co\/M4WhIOX3wQ\">https:\/\/t.co\/M4WhIOX3wQ<\/a> <a href=\"https:\/\/twitter.com\/hashtag\/mcfc?src=hash\">#mcfc<\/a> <a href=\"https:\/\/t.co\/AQd8VBCwoD\">pic.twitter.com\/AQd8VBCwoD<\/a><\/p>\n<p>\u2014 Manchester City FC (@MCFC) <a href=\"https:\/\/twitter.com\/MCFC\/status\/727995889579601920\">4 de mayo de 2016<\/a><\/p><\/blockquote>\n<p><script src=\"\/\/platform.twitter.com\/widgets.js\" async=\"\" charset=\"utf-8\"><\/script><\/p>\n<p><strong>Pep Guardiola<\/strong> gener\u00f3 mucha pol\u00e9mica cuando inici\u00f3 su carrera como entrenador de Primera Divisi\u00f3n, pues al tomar las riendas del <em>Bar\u00e7a<\/em>, salieron del club jugadores como Ronaldinho, Edmilson, Zambrotta, Deco, Thuram, Oleguer, Ezquerro, Giovani dos Santos y Marc Crosas.<\/p>\n<p>Esa limpia que hizo en el conjunto <em>blaugrana<\/em> ensancha los rumores que ahora invaden la prensa brit\u00e1nica.<\/p>\n","protected":false},"excerpt":{"rendered":"<p>El DT catal\u00e1n planea hacer una limpia en el Manchester City<\/p>\n","protected":false},"author":20,"featured_media":384571,"comment_status":"closed","ping_status":"closed","sticky":false,"template":"","format":"standard","meta":[],"categories":[3839,3846],"tags":[2510,1791],"_links":{"self":[{"href":"http:\/\/desarrollo.grupomedios.com\/futbol\/wp-json\/wp\/v2\/posts\/394470"}],"collection":[{"href":"http:\/\/desarrollo.grupomedios.com\/futbol\/wp-json\/wp\/v2\/posts"}],"about":[{"href":"http:\/\/desarrollo.grupomedios.com\/futbol\/wp-json\/wp\/v2\/types\/post"}],"author":[{"embeddable":true,"href":"http:\/\/desarrollo.grupomedios.com\/futbol\/wp-json\/wp\/v2\/users\/20"}],"replies":[{"embeddable":true,"href":"http:\/\/desarrollo.grupomedios.com\/futbol\/wp-json\/wp\/v2\/comments?post=394470"}],"version-history":[{"count":0,"href":"http:\/\/desarrollo.grupomedios.com\/futbol\/wp-json\/wp\/v2\/posts\/394470\/revisions"}],"wp:featuredmedia":[{"embeddable":true,"href":"http:\/\/desarrollo.grupomedios.com\/futbol\/wp-json\/wp\/v2\/media\/384571"}],"wp:attachment":[{"href":"http:\/\/desarrollo.grupomedios.com\/futbol\/wp-json\/wp\/v2\/media?parent=394470"}],"wp:term":[{"taxonomy":"category","embeddable":true,"href":"http:\/\/desarrollo.grupomedios.com\/futbol\/wp-json\/wp\/v2\/categories?post=394470"},{"taxonomy":"post_tag","embeddable":true,"href":"http:\/\/desarrollo.grupomedios.com\/futbol\/wp-json\/wp\/v2\/tags?post=394470"}],"curies":[{"name":"wp","href":"https:\/\/api.w.org\/{rel}","templated":true}]}}