{"id":394506,"date":"2016-05-05T13:07:18","date_gmt":"2016-05-05T19:07:18","guid":{"rendered":"http:\/\/www.futboltotal.com.mx\/?p=394506"},"modified":"2016-05-05T13:08:08","modified_gmt":"2016-05-05T19:08:08","slug":"agenda-tv-la-jornada-17","status":"publish","type":"post","link":"http:\/\/desarrollo.grupomedios.com\/futbol\/videos\/agenda-tv-la-jornada-17\/2016\/05","title":{"rendered":"Agenda TV | A definir la liguilla"},"content":{"rendered":"<p>Del 6 al 8 de mayo, se celebrar\u00e1 la<strong> jornada 17<\/strong> del <strong>Clausura 2016<\/strong>, donde las miradas se centrar\u00e1n principalmente en el duelo entre Tigres y Cruz Azul, pues quien gane dicho cotejo conseguir\u00e1 el \u00faltimo boleto a la liguilla. En caso de empatar, <strong><a href=\"http:\/\/futboltotal.com.mx\/equipos\/unam\/\" target=\"_blank\">Pumas<\/a><\/strong> tendr\u00e1 que vencer al <strong><a href=\"http:\/\/futboltotal.com.mx\/equipos\/america\/\" target=\"_blank\">Am\u00e9rica<\/a><\/strong> para colarse a la<em> Fiesta Grande<\/em>.<\/p>\n<p><span style=\"color: #ff0000;\"><strong>VIDEO<\/strong>: Agenda de TV de la jornada 17<\/span><\/p>\n<p>[video_player]https:\/\/player.vimeo.com\/external\/165058004.sd.mp4?s=3a5ad192ee961327953bc4f6f458366da4d0b35c&amp;profile_id=165[\/video_player]<\/p>\n","protected":false},"excerpt":{"rendered":"<p>S\u00f3lo queda un boleto en disputa en esta jornada 17 <\/p>\n","protected":false},"author":20,"featured_media":394507,"comment_status":"closed","ping_status":"closed","sticky":false,"template":"","format":"standard","meta":[],"categories":[6383,2198,3845,4],"tags":[1572,64],"_links":{"self":[{"href":"http:\/\/desarrollo.grupomedios.com\/futbol\/wp-json\/wp\/v2\/posts\/394506"}],"collection":[{"href":"http:\/\/desarrollo.grupomedios.com\/futbol\/wp-json\/wp\/v2\/posts"}],"about":[{"href":"http:\/\/desarrollo.grupomedios.com\/futbol\/wp-json\/wp\/v2\/types\/post"}],"author":[{"embeddable":true,"href":"http:\/\/desarrollo.grupomedios.com\/futbol\/wp-json\/wp\/v2\/users\/20"}],"replies":[{"embeddable":true,"href":"http:\/\/desarrollo.grupomedios.com\/futbol\/wp-json\/wp\/v2\/comments?post=394506"}],"version-history":[{"count":0,"href":"http:\/\/desarrollo.grupomedios.com\/futbol\/wp-json\/wp\/v2\/posts\/394506\/revisions"}],"wp:featuredmedia":[{"embeddable":true,"href":"http:\/\/desarrollo.grupomedios.com\/futbol\/wp-json\/wp\/v2\/media\/394507"}],"wp:attachment":[{"href":"http:\/\/desarrollo.grupomedios.com\/futbol\/wp-json\/wp\/v2\/media?parent=394506"}],"wp:term":[{"taxonomy":"category","embeddable":true,"href":"http:\/\/desarrollo.grupomedios.com\/futbol\/wp-json\/wp\/v2\/categories?post=394506"},{"taxonomy":"post_tag","embeddable":true,"href":"http:\/\/desarrollo.grupomedios.com\/futbol\/wp-json\/wp\/v2\/tags?post=394506"}],"curies":[{"name":"wp","href":"https:\/\/api.w.org\/{rel}","templated":true}]}}