{"id":394515,"date":"2016-05-05T13:39:33","date_gmt":"2016-05-05T19:39:33","guid":{"rendered":"http:\/\/www.futboltotal.com.mx\/?p=394515"},"modified":"2016-05-05T13:39:33","modified_gmt":"2016-05-05T19:39:33","slug":"tunden-a-pep-guardiola-sin-piedad","status":"publish","type":"post","link":"http:\/\/desarrollo.grupomedios.com\/futbol\/futbol-internacional\/tunden-a-pep-guardiola-sin-piedad\/2016\/05","title":{"rendered":"Tunden a Pep Guardiola\u2026 sin piedad"},"content":{"rendered":"<p>Los medios alemanes no tuvieron piedad con <strong>Pep Guardiola<\/strong> tras la eliminaci\u00f3n del <strong>Bayern Munich<\/strong> de la <em>Champions<\/em>. Sin reparo, juzgaron al entrenador catal\u00e1n.<\/p>\n<p>\u201cTres veces en semifinales en la Liga de Campeones. Tres veces contra equipos espa\u00f1oles. Tres veces eliminados\u201d, publico el diario <em>Die Welt<\/em>, al tiempo que agregaron que <strong>Guardiola<\/strong> se va por la puerta de atr\u00e1s, sin darle un triplete al Bayern, el gran objetivo para el que se le contrat\u00f3.<\/p>\n<p style=\"text-align: center;\"><span style=\"color: #3366ff;\"><strong><a style=\"color: #3366ff;\" href=\"http:\/\/www.futboltotal.com.mx\/2016\/05\/pep-guardiola-cinco-pecados-en-bayern-munich\/\">LEER M\u00c1S: Cinco pecados de Guardiola con el Bayern<\/a><\/strong><\/span><\/p>\n<p>Y aunque la prensa alemana elogi\u00f3 el juego del <strong>Bayern Munich<\/strong> frente al Atl\u00e9tico de Madrid, el entrenador catal\u00e1n, quien se va al Manchester City dejando a Carlo Ancelotti a cargo del club <em>b\u00e1varo<\/em>, fue duramente criticado.<\/p>\n<blockquote class=\"twitter-tweet\" data-lang=\"es\">\n<p dir=\"ltr\" lang=\"de\">Das wars! Der <a href=\"https:\/\/twitter.com\/FCBayern\">@FCBayern<\/a> ist raus, <a href=\"https:\/\/twitter.com\/hashtag\/Guardiola?src=hash\">#Guardiola<\/a> bleibt mit Bayern ohne Champions-League-Titel! <a href=\"https:\/\/twitter.com\/hashtag\/FCBAtleti?src=hash\">#FCBAtleti<\/a> <a href=\"https:\/\/t.co\/cPtR7IVWvF\">pic.twitter.com\/cPtR7IVWvF<\/a><\/p>\n<p>\u2014 BILD Sport (@BILD_Sport) <a href=\"https:\/\/twitter.com\/BILD_Sport\/status\/727598417057337345\">3 de mayo de 2016<\/a><\/p><\/blockquote>\n<p><script src=\"\/\/platform.twitter.com\/widgets.js\" async=\"\" charset=\"utf-8\"><\/script><\/p>\n<p>\u201cSin duda, ha sido la mayor falta de <strong>Pep<\/strong> en su paso por el <strong>Bayern<\/strong>\u201d, indica el diario m\u00e1s vendido de Alemania, el <em>Bild<\/em>, que agrega: \u201cSe ir\u00e1 del <strong>Bayern <\/strong>como un fracasado en la <em>Champions<\/em>\u201d.<\/p>\n<p style=\"text-align: center;\"><span style=\"color: #3366ff;\"><strong><a style=\"color: #3366ff;\" href=\"http:\/\/www.futboltotal.com.mx\/2016\/05\/equipo-elimina-a-pep-guardiola-siempre-campeon-champions-league\/\">LEER M\u00c1S: Fracaso de Guardiola, amuleto para ser campe\u00f3n<\/a><\/strong><\/span><\/p>\n<p>Eliminado tres veces en semifinales por equipos espa\u00f1oles, el <strong>Bayern Munich<\/strong> ha vivido el martes \u201cla victoria m\u00e1s amarga de Pep\u201d, agrega el <em>Bild<\/em>, y se queda solo con las victorias en casa: la Bundesliga y la Copa de Alemania.<\/p>\n","protected":false},"excerpt":{"rendered":"<p>\u201cSe va como un fracasado\u201d, destaca la prensa alemana<\/p>\n","protected":false},"author":20,"featured_media":394516,"comment_status":"closed","ping_status":"closed","sticky":false,"template":"","format":"standard","meta":[],"categories":[3841,3839],"tags":[2510],"_links":{"self":[{"href":"http:\/\/desarrollo.grupomedios.com\/futbol\/wp-json\/wp\/v2\/posts\/394515"}],"collection":[{"href":"http:\/\/desarrollo.grupomedios.com\/futbol\/wp-json\/wp\/v2\/posts"}],"about":[{"href":"http:\/\/desarrollo.grupomedios.com\/futbol\/wp-json\/wp\/v2\/types\/post"}],"author":[{"embeddable":true,"href":"http:\/\/desarrollo.grupomedios.com\/futbol\/wp-json\/wp\/v2\/users\/20"}],"replies":[{"embeddable":true,"href":"http:\/\/desarrollo.grupomedios.com\/futbol\/wp-json\/wp\/v2\/comments?post=394515"}],"version-history":[{"count":0,"href":"http:\/\/desarrollo.grupomedios.com\/futbol\/wp-json\/wp\/v2\/posts\/394515\/revisions"}],"wp:featuredmedia":[{"embeddable":true,"href":"http:\/\/desarrollo.grupomedios.com\/futbol\/wp-json\/wp\/v2\/media\/394516"}],"wp:attachment":[{"href":"http:\/\/desarrollo.grupomedios.com\/futbol\/wp-json\/wp\/v2\/media?parent=394515"}],"wp:term":[{"taxonomy":"category","embeddable":true,"href":"http:\/\/desarrollo.grupomedios.com\/futbol\/wp-json\/wp\/v2\/categories?post=394515"},{"taxonomy":"post_tag","embeddable":true,"href":"http:\/\/desarrollo.grupomedios.com\/futbol\/wp-json\/wp\/v2\/tags?post=394515"}],"curies":[{"name":"wp","href":"https:\/\/api.w.org\/{rel}","templated":true}]}}