{"id":394538,"date":"2016-05-05T15:17:58","date_gmt":"2016-05-05T21:17:58","guid":{"rendered":"http:\/\/www.futboltotal.com.mx\/?p=394538"},"modified":"2016-05-06T11:14:01","modified_gmt":"2016-05-06T17:14:01","slug":"sevilla-vs-liverpool-final-la-europa-league","status":"publish","type":"post","link":"http:\/\/desarrollo.grupomedios.com\/futbol\/futbol-internacional\/sevilla-vs-liverpool-final-la-europa-league\/2016\/05","title":{"rendered":"\u00a1Definida la Final de la Europa League!"},"content":{"rendered":"<p>Rugieron al mismo tiempo las gradas del estadio S\u00e1nchez Pizju\u00e1n y de Anfield, tras el pitazo final. El <strong>Sevilla<\/strong> y el <strong>Liverpool<\/strong> impusieron local\u00eda y pulverizaron al Shakhtar y Villarreal erigi\u00e9ndose como los grandes finalistas de la <strong>Europa League 2015-16<\/strong>. Ahora se jugar\u00e1n la gloria el pr\u00f3ximo 18 de mayo, en el Jakob Park de Suiza. \u00bfQui\u00e9n ser\u00e1 el campe\u00f3n?.<\/p>\n<p style=\"text-align: center;\"><span style=\"color: #3366ff;\"><strong><a style=\"color: #3366ff;\" href=\"http:\/\/www.futboltotal.com.mx\/futbol-internacional\/champions-league\/\">LEER M\u00c1S. Todas las noticias de Champions League<\/a> <\/strong><\/span><\/p>\n<p>El <strong>Sevilla<\/strong> dio un partido encomiable e hizo valer su condici\u00f3n de vigente monarca de la competici\u00f3n. Despu\u00e9s de haber pasado apuros en la Ida para rescatar un empate 2-2, hoy demostr\u00f3 que tiene casta de campe\u00f3n y se impuso 3-1 al cuadro Ucraniano, que sufri\u00f3 su primera derrota en la competici\u00f3n y acab\u00f3 fundido tras una brillante actuaci\u00f3n de Kevin Gameiro, quien en el duelo de Ida marc\u00f3 el gol de la igualada y en la Vuelta ha sido el verdugo tras marcar un doblete (9&#8242; 47).<\/p>\n<p>Fue mucho<strong> Sevilla<\/strong> para un Shakhtar so\u00f1ador, que a pesar de intentar sobreponerse con un gol de Eduardo al minuto 44, acab\u00f3 eliminado con un gol de Ferreira (59&#8242;). Los Rojiblancos ahora ya piensan en coronarse por tercera ocasi\u00f3n consecutiva y quinta en la historia de la competici\u00f3n.<br \/>\n<iframe loading=\"lazy\" src=\"https:\/\/www.youtube.com\/embed\/jgWtsgDKWGs\" frameborder=\"0\" allowfullscreen=\"allowfullscreen\"><\/iframe><\/p>\n<p>En el otro polo, el <strong>Liverpool<\/strong> evit\u00f3 una final de finales entre dos equipos espa\u00f1oles. Le puso coraz\u00f3n de principio a fin en el templo de Anfield para remontar la desventaja de un gol que sac\u00f3 el <em>Submarin<\/em>. Los <em>Reds<\/em> se reactivaron con un autogol de Bruno Soriano (7&#8242;) y consiguieron remontar tras una gran jugada capitalizada por Daniel Sturrigde (63&#8242;).<\/p>\n<p>El conjunto de Klopp asest\u00f3 la estocada final con un gol de Lallana en el que la defensa amarilla se qued\u00f3 atornillada esperando a que el \u00e1rbitro marcara fuera de juego (81&#8242;). El mexicano Jonathan dos Santos fue titular, pero acab\u00f3 sustituido al minuto 76.<\/p>\n<p><iframe loading=\"lazy\" src=\"https:\/\/www.youtube.com\/embed\/Xjulqu83KyM\" frameborder=\"0\" allowfullscreen=\"allowfullscreen\"><\/iframe><\/p>\n","protected":false},"excerpt":{"rendered":"<p>Sevilla y Liverpool se enfrentr\u00e1n el pr\u00f3ximo 8 de mayo en Suiza<\/p>\n","protected":false},"author":20,"featured_media":394547,"comment_status":"closed","ping_status":"closed","sticky":false,"template":"","format":"standard","meta":[],"categories":[3857,3839,6718],"tags":[516,5989,49],"_links":{"self":[{"href":"http:\/\/desarrollo.grupomedios.com\/futbol\/wp-json\/wp\/v2\/posts\/394538"}],"collection":[{"href":"http:\/\/desarrollo.grupomedios.com\/futbol\/wp-json\/wp\/v2\/posts"}],"about":[{"href":"http:\/\/desarrollo.grupomedios.com\/futbol\/wp-json\/wp\/v2\/types\/post"}],"author":[{"embeddable":true,"href":"http:\/\/desarrollo.grupomedios.com\/futbol\/wp-json\/wp\/v2\/users\/20"}],"replies":[{"embeddable":true,"href":"http:\/\/desarrollo.grupomedios.com\/futbol\/wp-json\/wp\/v2\/comments?post=394538"}],"version-history":[{"count":0,"href":"http:\/\/desarrollo.grupomedios.com\/futbol\/wp-json\/wp\/v2\/posts\/394538\/revisions"}],"wp:featuredmedia":[{"embeddable":true,"href":"http:\/\/desarrollo.grupomedios.com\/futbol\/wp-json\/wp\/v2\/media\/394547"}],"wp:attachment":[{"href":"http:\/\/desarrollo.grupomedios.com\/futbol\/wp-json\/wp\/v2\/media?parent=394538"}],"wp:term":[{"taxonomy":"category","embeddable":true,"href":"http:\/\/desarrollo.grupomedios.com\/futbol\/wp-json\/wp\/v2\/categories?post=394538"},{"taxonomy":"post_tag","embeddable":true,"href":"http:\/\/desarrollo.grupomedios.com\/futbol\/wp-json\/wp\/v2\/tags?post=394538"}],"curies":[{"name":"wp","href":"https:\/\/api.w.org\/{rel}","templated":true}]}}