{"id":394552,"date":"2016-05-05T15:44:01","date_gmt":"2016-05-05T21:44:01","guid":{"rendered":"http:\/\/www.futboltotal.com.mx\/?p=394552"},"modified":"2016-05-05T15:51:37","modified_gmt":"2016-05-05T21:51:37","slug":"tom-brady-celebra-5-mayo","status":"publish","type":"post","link":"http:\/\/desarrollo.grupomedios.com\/futbol\/no-todo-es-futbol\/tom-brady-celebra-5-mayo\/2016\/05","title":{"rendered":"\u00a1Tom Brady, m\u00e1s mexicano que nunca!"},"content":{"rendered":"<p>Este <strong>5 de mayo<\/strong> se conmemora en M\u00e9xico <em>la Batalla de Puebla<\/em>, conflicto b\u00e9lico de 1862, donde el ej\u00e9rcito mexicano derrot\u00f3 a la milicia m\u00e1s poderosa del mundo, de aquel entonces: la de Francia. Aquel episodio ha provocado que cada quinto d\u00eda del quinto mes, se suspendan labores, salvo excepciones, como en esta ocasi\u00f3n.<\/p>\n<p>Pero a la celebraci\u00f3n mexicana, se sum\u00f3 el jugador de la NFL,<strong> Tom Brady<\/strong>, quien, mediante una publicaci\u00f3n en su cuenta de <em>Facebook<\/em>, comparti\u00f3 una imagen de \u00e9l con una camiseta de la <strong><a href=\"http:\/\/www.futboltotal.com.mx\/futbol-mexicano\/seleccion-mexicana\/\" target=\"_blank\">Selecci\u00f3n Mexicana<\/a><\/strong> que se encuentra parado frente a un compa\u00f1ero, que trae en su jersey el <strong>5 de mayo<\/strong>.<\/p>\n<p>&#8220;Para mis fans de M\u00e9xico y del mundo. \u00a1Feliz cinco de mayo!, #pontelaverde #maythefifthbewithyou&#8221;, se\u00f1al\u00f3 <strong>Tom Brady<\/strong> en su publicaci\u00f3n. La cuenta de <em>Facebook<\/em> del <em>TRI<\/em>, contest\u00f3 al jugador de la NFL, &#8220;\u00a1Qu\u00e9 genial playera. El verde te sienta bien!&#8221;<\/p>\n<p style=\"text-align: center;\"><span style=\"color: #3366ff;\"><strong><a style=\"color: #3366ff;\" href=\"http:\/\/www.futboltotal.com.mx\/2016\/05\/mexicano-gana-medio-millon-pesos-gracias-al-leicester-city\/\" target=\"_blank\">LEER M\u00c1S: Mexicano gana fortuna gracias al Leicester City<\/a><\/strong><\/span><\/p>\n<p style=\"text-align: center;\"><a href=\"http:\/\/www.futboltotal.com.mx\/wp-content\/uploads\/2016\/05\/Screen-Shot-2016-05-05-at-4.47.59-PM.png\" rel=\"attachment wp-att-394572\"><img decoding=\"async\" loading=\"lazy\" class=\"alignnone size-full wp-image-394572\" src=\"http:\/\/www.futboltotal.com.mx\/wp-content\/uploads\/2016\/05\/Screen-Shot-2016-05-05-at-4.47.59-PM.png\" alt=\"Screen Shot 2016-05-05 at 4.47.59 PM\" srcset=\"http:\/\/desarrollo.grupomedios.com\/futbol\/wp-content\/uploads\/2016\/05\/Screen-Shot-2016-05-05-at-4.47.59-PM.png 970w, http:\/\/desarrollo.grupomedios.com\/futbol\/wp-content\/uploads\/2016\/05\/Screen-Shot-2016-05-05-at-4.47.59-PM-300x147.png 300w, http:\/\/desarrollo.grupomedios.com\/futbol\/wp-content\/uploads\/2016\/05\/Screen-Shot-2016-05-05-at-4.47.59-PM-768x375.png 768w\" sizes=\"(max-width: 970px) 100vw, 970px\" \/><\/a><\/p>\n","protected":false},"excerpt":{"rendered":"<p>\u00a1El jugador de la NFL celebra el 5 de mayo!<\/p>\n","protected":false},"author":20,"featured_media":394554,"comment_status":"closed","ping_status":"closed","sticky":false,"template":"","format":"standard","meta":[],"categories":[5419,5811,5418,6411],"tags":[7068,5460,142,5771,6174],"_links":{"self":[{"href":"http:\/\/desarrollo.grupomedios.com\/futbol\/wp-json\/wp\/v2\/posts\/394552"}],"collection":[{"href":"http:\/\/desarrollo.grupomedios.com\/futbol\/wp-json\/wp\/v2\/posts"}],"about":[{"href":"http:\/\/desarrollo.grupomedios.com\/futbol\/wp-json\/wp\/v2\/types\/post"}],"author":[{"embeddable":true,"href":"http:\/\/desarrollo.grupomedios.com\/futbol\/wp-json\/wp\/v2\/users\/20"}],"replies":[{"embeddable":true,"href":"http:\/\/desarrollo.grupomedios.com\/futbol\/wp-json\/wp\/v2\/comments?post=394552"}],"version-history":[{"count":0,"href":"http:\/\/desarrollo.grupomedios.com\/futbol\/wp-json\/wp\/v2\/posts\/394552\/revisions"}],"wp:featuredmedia":[{"embeddable":true,"href":"http:\/\/desarrollo.grupomedios.com\/futbol\/wp-json\/wp\/v2\/media\/394554"}],"wp:attachment":[{"href":"http:\/\/desarrollo.grupomedios.com\/futbol\/wp-json\/wp\/v2\/media?parent=394552"}],"wp:term":[{"taxonomy":"category","embeddable":true,"href":"http:\/\/desarrollo.grupomedios.com\/futbol\/wp-json\/wp\/v2\/categories?post=394552"},{"taxonomy":"post_tag","embeddable":true,"href":"http:\/\/desarrollo.grupomedios.com\/futbol\/wp-json\/wp\/v2\/tags?post=394552"}],"curies":[{"name":"wp","href":"https:\/\/api.w.org\/{rel}","templated":true}]}}