{"id":394675,"date":"2016-05-06T10:56:09","date_gmt":"2016-05-06T16:56:09","guid":{"rendered":"http:\/\/www.futboltotal.com.mx\/?p=394675"},"modified":"2016-05-06T10:57:42","modified_gmt":"2016-05-06T16:57:42","slug":"real-madrid-pierde-a-bale-keylor-lesion","status":"publish","type":"post","link":"http:\/\/desarrollo.grupomedios.com\/futbol\/destacado-home\/real-madrid-pierde-a-bale-keylor-lesion\/2016\/05","title":{"rendered":"Real Madrid sufre dos bajas"},"content":{"rendered":"<p>Las malas noticias llegan para el <strong>Real Madrid<\/strong>, pues por lesi\u00f3n no podr\u00e1n contar con <strong>Gareth Bale<\/strong> ni <strong>Keylor Navas<\/strong> para el duelo clave ante el Valencia, correspondiente a la Jornada 37 de la <strong>Liga de Espa\u00f1a<\/strong>.<\/p>\n<p>&nbsp;<\/p>\n<p>Bale presenta una distensi\u00f3n articular en la rodilla derecha, mientras que el arquero costarricense fue diagnosticado con una tendinopat\u00eda aquilea en el pie izquierdo.<\/p>\n<p>&nbsp;<\/p>\n<p>Lo anterior fue notificado por el propio <strong>Real Madrid<\/strong> en su sitio web.<\/p>\n<p>&nbsp;<\/p>\n<blockquote class=\"twitter-tweet\" data-lang=\"es\">\n<p dir=\"ltr\" lang=\"es\">Parte m\u00e9dico de <a href=\"https:\/\/twitter.com\/NavasKeylor\">@NavasKeylor<\/a> <a href=\"https:\/\/t.co\/kvn3HYVKDs\">https:\/\/t.co\/kvn3HYVKDs<\/a><a href=\"https:\/\/twitter.com\/hashtag\/RealMadrid?src=hash\">#RealMadrid<\/a> <a href=\"https:\/\/t.co\/0yFu63FHd5\">pic.twitter.com\/0yFu63FHd5<\/a><\/p>\n<p>\u2014 Real Madrid C. F. (@realmadrid) <a href=\"https:\/\/twitter.com\/realmadrid\/status\/728543674154536960\">6 de mayo de 2016<\/a><\/p><\/blockquote>\n<p><script src=\"\/\/platform.twitter.com\/widgets.js\" async=\"\" charset=\"utf-8\"><\/script><\/p>\n<blockquote><p>\n\u201cTras las pruebas realizadas a nuestro jugador <strong>Gareth Bale<\/strong> se le ha diagnosticado una distensi\u00f3n articular en la rodilla derecha. Pendiente de evoluci\u00f3n,\u00a0dec\u00eda el parte m\u00e9dico.Tras las pruebas realizadas a nuestro jugador <strong>Keylor Navas<\/strong> se le ha diagnosticado una tendinopat\u00eda aquilea en el pie izquierdo. Pendiente de evoluci\u00f3n.<\/p>\n<p>&nbsp;\n<\/p><\/blockquote>\n<p>Cabe destacar que esta es la quinta lesi\u00f3n que Bale sufre durante la campa\u00f1a, incluidos dos problemas en el gemelo que le obligaron a estar fuera durante ocho partidos de enero a marzo y cuatro de octubre a noviembre.<\/p>\n<p>&nbsp;<\/p>\n<blockquote class=\"twitter-tweet\" data-lang=\"es\"><p>\nParte m\u00e9dico de <a href=\"https:\/\/twitter.com\/GarethBale11\">@GarethBale11<\/a><a href=\"https:\/\/t.co\/qxfsPelvCl\">https:\/\/t.co\/qxfsPelvCl<\/a><a href=\"https:\/\/twitter.com\/hashtag\/RealMadrid?src=hash\">#RealMadrid<\/a> <a href=\"https:\/\/t.co\/rv5PJZEqEY\">pic.twitter.com\/rv5PJZEqEY<\/a><\/p>\n<p>\u2014 Real Madrid C. F. (@realmadrid) <a href=\"https:\/\/twitter.com\/realmadrid\/status\/728543493254164481\">6 de mayo de 2016<\/a>\n<\/p><\/blockquote>\n<p><script src=\"\/\/platform.twitter.com\/widgets.js\" async=\"\" charset=\"utf-8\"><\/script><br \/>\nEn contraparte, <strong>Casemiro<\/strong> y Karim <strong>Benzema<\/strong>, que no estuvieron en el partido ante el Manchester City por lesi\u00f3n, participaron en el entrenamiento de este viernes, por lo que podr\u00edan ver acci\u00f3n en el duelo del domingo.<\/p>\n<p>&nbsp;<\/p>\n<blockquote class=\"twitter-tweet\" data-lang=\"es\"><p>?\u26bd?<a href=\"https:\/\/twitter.com\/Benzema\">@Benzema<\/a> y <a href=\"https:\/\/twitter.com\/Casemiro\">@Casemiro<\/a> completaron el entrenamiento con el resto del grupo en la <a href=\"https:\/\/twitter.com\/hashtag\/RMCity?src=hash\">#RMCity<\/a> <a href=\"https:\/\/twitter.com\/hashtag\/HalaMadrid?src=hash\">#HalaMadrid<\/a> <a href=\"https:\/\/t.co\/MgzgZgqkUv\">pic.twitter.com\/MgzgZgqkUv<\/a><\/p>\n<p>\u2014 Real Madrid C. F. (@realmadrid) <a href=\"https:\/\/twitter.com\/realmadrid\/status\/728564237669388288\">6 de mayo de 2016<\/a><\/p><\/blockquote>\n<p><script src=\"\/\/platform.twitter.com\/widgets.js\" async=\"\" charset=\"utf-8\"><\/script><\/p>\n<p>&nbsp;<\/p>\n<p>A dos fechas del final de la temporada, el <strong>Real Madrid<\/strong> marcha tercero en la tabla general con 84 puntos, detr\u00e1s del <strong>Barcelona<\/strong> y <strong>Atl\u00e9tico de Madrid<\/strong>, que acumulan 85 unidades. Los cul\u00e9s enfrentar\u00e1n, tambi\u00e9n el domingo, al <strong>Espanyol<\/strong>, mientras que los Colchoneros visitan al <strong>Levante<\/strong><\/p>\n<p style=\"text-align: center;\"><span style=\"color: #3366ff;\"><a style=\"color: #3366ff;\" href=\"http:\/\/www.futboltotal.com.mx\/2016\/05\/emotivo-mensaje-hugo-vieira-a-novia-fallecida-cancer\/\" target=\"_blank\">LEER M\u00c1S: El emotivo mensaje a su novia fallecida<\/a><\/span><\/p>\n","protected":false},"excerpt":{"rendered":"<p>El club merengue tiene dos bajas para la pen\u00faltima fecha de la Liga<\/p>\n","protected":false},"author":20,"featured_media":394680,"comment_status":"closed","ping_status":"closed","sticky":false,"template":"","format":"standard","meta":[],"categories":[3841,5,3839,5951],"tags":[6043,5590,5988],"_links":{"self":[{"href":"http:\/\/desarrollo.grupomedios.com\/futbol\/wp-json\/wp\/v2\/posts\/394675"}],"collection":[{"href":"http:\/\/desarrollo.grupomedios.com\/futbol\/wp-json\/wp\/v2\/posts"}],"about":[{"href":"http:\/\/desarrollo.grupomedios.com\/futbol\/wp-json\/wp\/v2\/types\/post"}],"author":[{"embeddable":true,"href":"http:\/\/desarrollo.grupomedios.com\/futbol\/wp-json\/wp\/v2\/users\/20"}],"replies":[{"embeddable":true,"href":"http:\/\/desarrollo.grupomedios.com\/futbol\/wp-json\/wp\/v2\/comments?post=394675"}],"version-history":[{"count":0,"href":"http:\/\/desarrollo.grupomedios.com\/futbol\/wp-json\/wp\/v2\/posts\/394675\/revisions"}],"wp:featuredmedia":[{"embeddable":true,"href":"http:\/\/desarrollo.grupomedios.com\/futbol\/wp-json\/wp\/v2\/media\/394680"}],"wp:attachment":[{"href":"http:\/\/desarrollo.grupomedios.com\/futbol\/wp-json\/wp\/v2\/media?parent=394675"}],"wp:term":[{"taxonomy":"category","embeddable":true,"href":"http:\/\/desarrollo.grupomedios.com\/futbol\/wp-json\/wp\/v2\/categories?post=394675"},{"taxonomy":"post_tag","embeddable":true,"href":"http:\/\/desarrollo.grupomedios.com\/futbol\/wp-json\/wp\/v2\/tags?post=394675"}],"curies":[{"name":"wp","href":"https:\/\/api.w.org\/{rel}","templated":true}]}}