{"id":394747,"date":"2016-05-06T16:37:58","date_gmt":"2016-05-06T22:37:58","guid":{"rendered":"http:\/\/www.futboltotal.com.mx\/?p=394747"},"modified":"2016-05-06T16:37:58","modified_gmt":"2016-05-06T22:37:58","slug":"los-10-bromistas-del-futbol","status":"publish","type":"post","link":"http:\/\/desarrollo.grupomedios.com\/futbol\/destacado-home\/los-10-bromistas-del-futbol\/2016\/05","title":{"rendered":"Los 10 bromistas del futbol"},"content":{"rendered":"<p>En un d\u00eda como hoy pero de 1983 naci\u00f3 en Bah\u00eda, Brasil, el defensa <strong>Dani Alves<\/strong>, jugador que presume una velocidad y toque de bal\u00f3n sublime, pero que tambi\u00e9n se le reconoce como un bromista del futbol. Sin embargo, \u00e9l no es el \u00fanico en aportarle humor a los partidos y entrenamientos, por eso te presentamos a 10 jugadores con estas caracter\u00edsticas.<\/p>\n<p><script src=\"\/\/cdn.playbuzz.com\/widget\/feed.js\" type=\"text\/javascript\"><\/script><\/p>\n<div class=\"pb_feed\" data-embed-by=\"d43f3879-83ed-40bc-99d7-fde80605466f\" data-game=\"\/futboltotal\/los-bromistas-del-futbol\" data-recommend=\"false\" data-game-info=\"false\" data-comments=\"false\"><\/div>\n","protected":false},"excerpt":{"rendered":"<p>Estos jugadores le dan un toque especial al balompi\u00e9 <\/p>\n","protected":false},"author":20,"featured_media":394748,"comment_status":"closed","ping_status":"closed","sticky":false,"template":"","format":"standard","meta":[],"categories":[5,3839,7025,3844],"tags":[6013,5983,6214],"_links":{"self":[{"href":"http:\/\/desarrollo.grupomedios.com\/futbol\/wp-json\/wp\/v2\/posts\/394747"}],"collection":[{"href":"http:\/\/desarrollo.grupomedios.com\/futbol\/wp-json\/wp\/v2\/posts"}],"about":[{"href":"http:\/\/desarrollo.grupomedios.com\/futbol\/wp-json\/wp\/v2\/types\/post"}],"author":[{"embeddable":true,"href":"http:\/\/desarrollo.grupomedios.com\/futbol\/wp-json\/wp\/v2\/users\/20"}],"replies":[{"embeddable":true,"href":"http:\/\/desarrollo.grupomedios.com\/futbol\/wp-json\/wp\/v2\/comments?post=394747"}],"version-history":[{"count":0,"href":"http:\/\/desarrollo.grupomedios.com\/futbol\/wp-json\/wp\/v2\/posts\/394747\/revisions"}],"wp:featuredmedia":[{"embeddable":true,"href":"http:\/\/desarrollo.grupomedios.com\/futbol\/wp-json\/wp\/v2\/media\/394748"}],"wp:attachment":[{"href":"http:\/\/desarrollo.grupomedios.com\/futbol\/wp-json\/wp\/v2\/media?parent=394747"}],"wp:term":[{"taxonomy":"category","embeddable":true,"href":"http:\/\/desarrollo.grupomedios.com\/futbol\/wp-json\/wp\/v2\/categories?post=394747"},{"taxonomy":"post_tag","embeddable":true,"href":"http:\/\/desarrollo.grupomedios.com\/futbol\/wp-json\/wp\/v2\/tags?post=394747"}],"curies":[{"name":"wp","href":"https:\/\/api.w.org\/{rel}","templated":true}]}}