{"id":394896,"date":"2016-05-07T11:51:03","date_gmt":"2016-05-07T17:51:03","guid":{"rendered":"http:\/\/www.futboltotal.com.mx\/?p=394896"},"modified":"2016-05-07T11:51:07","modified_gmt":"2016-05-07T17:51:07","slug":"entrada-criminal-lesion-espeluznante","status":"publish","type":"post","link":"http:\/\/desarrollo.grupomedios.com\/futbol\/futbol-internacional\/entrada-criminal-lesion-espeluznante\/2016\/05","title":{"rendered":"Entrada criminal&#8230; Dram\u00e1tica herida"},"content":{"rendered":"<p>En la \u00faltima jornada de la\u00a0<em>Football League Championship<\/em>, el volante uruguayo <strong>Gast\u00f3n Ram\u00edrez<\/strong>, jugador\u00a0del\u00a0Middlesbrough, fue v\u00edctima de una <strong>entrada criminal<\/strong>\u00a0que le abri\u00f3 una\u00a0<strong>profunda herida<\/strong>\u00a0en la pierna.<\/p>\n<blockquote class=\"twitter-tweet\" data-lang=\"es\">\n<p dir=\"ltr\" lang=\"es\">Tremendo!!! . As\u00ed le dejaron la pierna al uruguayo Gast\u00f3n Ram\u00edrez. <a href=\"https:\/\/t.co\/LYbMysaLUf\">pic.twitter.com\/LYbMysaLUf<\/a><\/p>\n<p>\u2014 Bambino Etchegoyen (@Bambino627) <a href=\"https:\/\/twitter.com\/Bambino627\/status\/728935822230233093\">7 de mayo de 2016<\/a><\/p><\/blockquote>\n<p><script src=\"\/\/platform.twitter.com\/widgets.js\" async=\"\" charset=\"utf-8\"><\/script><\/p>\n<p>El ingl\u00e9s\u00a0Dale Stephens, mediocampista del\u00a0Brighton &amp; Hove Albion, lastim\u00f3 al jugador <em>charr\u00faa<\/em> con su calzado, provoc\u00e1ndole una escalofriante herida que\u00a0lo sac\u00f3 del partido con ox\u00edgeno y en camilla. Inmediatamente, Stephens fue expulsado por el \u00e1rbitro.<\/p>\n<p><a href=\"http:\/\/www.futboltotal.com.mx\/2016\/05\/entrada-criminal-lesion-espeluznante\/lesion-herida-dramatica\/\" rel=\"attachment wp-att-394897\"><img decoding=\"async\" loading=\"lazy\" class=\"aligncenter size-full wp-image-394897\" src=\"http:\/\/www.futboltotal.com.mx\/wp-content\/uploads\/2016\/05\/lesion-herida-dramatica.jpg\" alt=\"lesion-herida-dramatica\" srcset=\"http:\/\/desarrollo.grupomedios.com\/futbol\/wp-content\/uploads\/2016\/05\/lesion-herida-dramatica.jpg 820w, http:\/\/desarrollo.grupomedios.com\/futbol\/wp-content\/uploads\/2016\/05\/lesion-herida-dramatica-300x118.jpg 300w, http:\/\/desarrollo.grupomedios.com\/futbol\/wp-content\/uploads\/2016\/05\/lesion-herida-dramatica-768x303.jpg 768w\" sizes=\"(max-width: 820px) 100vw, 820px\" \/><\/a><\/p>\n<p>El duelo termin\u00f3\u00a01-1\u00a0y el\u00a0<strong>Middlesbrough<\/strong> ascendi\u00f3 a la <em>Premier League<\/em>.<\/p>\n<blockquote class=\"twitter-tweet\" data-lang=\"es\"><p>\nEl corte. La sutura. Y la celebraci\u00f3n. El d\u00eda de Gaston Ramirez. Tendr\u00e1 para unos pocos d\u00edas de recuperaci\u00f3n. <a href=\"https:\/\/t.co\/pTkjuvDpK6\">pic.twitter.com\/pTkjuvDpK6<\/a><\/p>\n<p>\u2014 Pablo Londinsky (@PLondinsky) <a href=\"https:\/\/twitter.com\/PLondinsky\/status\/728966002663411713\">7 de mayo de 2016<\/a>\n<\/p><\/blockquote>\n<p><script src=\"\/\/platform.twitter.com\/widgets.js\" async=\"\" charset=\"utf-8\"><\/script><\/p>\n","protected":false},"excerpt":{"rendered":"<p>El volante uruguayo Gast\u00f3n Ram\u00edrez fue v\u00edctima de una artera falta<\/p>\n","protected":false},"author":20,"featured_media":394898,"comment_status":"closed","ping_status":"closed","sticky":false,"template":"","format":"standard","meta":[],"categories":[3839],"tags":[5957,3107],"_links":{"self":[{"href":"http:\/\/desarrollo.grupomedios.com\/futbol\/wp-json\/wp\/v2\/posts\/394896"}],"collection":[{"href":"http:\/\/desarrollo.grupomedios.com\/futbol\/wp-json\/wp\/v2\/posts"}],"about":[{"href":"http:\/\/desarrollo.grupomedios.com\/futbol\/wp-json\/wp\/v2\/types\/post"}],"author":[{"embeddable":true,"href":"http:\/\/desarrollo.grupomedios.com\/futbol\/wp-json\/wp\/v2\/users\/20"}],"replies":[{"embeddable":true,"href":"http:\/\/desarrollo.grupomedios.com\/futbol\/wp-json\/wp\/v2\/comments?post=394896"}],"version-history":[{"count":0,"href":"http:\/\/desarrollo.grupomedios.com\/futbol\/wp-json\/wp\/v2\/posts\/394896\/revisions"}],"wp:featuredmedia":[{"embeddable":true,"href":"http:\/\/desarrollo.grupomedios.com\/futbol\/wp-json\/wp\/v2\/media\/394898"}],"wp:attachment":[{"href":"http:\/\/desarrollo.grupomedios.com\/futbol\/wp-json\/wp\/v2\/media?parent=394896"}],"wp:term":[{"taxonomy":"category","embeddable":true,"href":"http:\/\/desarrollo.grupomedios.com\/futbol\/wp-json\/wp\/v2\/categories?post=394896"},{"taxonomy":"post_tag","embeddable":true,"href":"http:\/\/desarrollo.grupomedios.com\/futbol\/wp-json\/wp\/v2\/tags?post=394896"}],"curies":[{"name":"wp","href":"https:\/\/api.w.org\/{rel}","templated":true}]}}