{"id":395126,"date":"2016-05-07T22:32:59","date_gmt":"2016-05-08T04:32:59","guid":{"rendered":"http:\/\/www.futboltotal.com.mx\/?p=395126"},"modified":"2016-05-07T22:32:59","modified_gmt":"2016-05-08T04:32:59","slug":"canelo-alvarez-noquea-a-amir-khan","status":"publish","type":"post","link":"http:\/\/desarrollo.grupomedios.com\/futbol\/no-todo-es-futbol\/canelo-alvarez-noquea-a-amir-khan\/2016\/05","title":{"rendered":"Canelo \u00c1lvarez noquea a Amir Khan"},"content":{"rendered":"<p>Para no dejar duda alguna, <strong>Sa\u00fal <em>Canelo<\/em> \u00c1lvarez<\/strong> no s\u00f3lo domin\u00f3 a <strong>Amir Khan<\/strong> de principio a fin, sino que adem\u00e1s lo noque\u00f3 en el sexto asalto con un derechazo fulminante que impact\u00f3 en el rostro del brit\u00e1nico. De esta forma, el jalisciense defendi\u00f3 su t\u00edtulo de Campe\u00f3n Medio del Consejo Mundial de Boxeo.<\/p>\n<p><iframe loading=\"lazy\" src=\"https:\/\/www.youtube.com\/embed\/gTdrvHsVbWE\" frameborder=\"0\" allowfullscreen=\"allowfullscreen\"><\/iframe><\/p>\n","protected":false},"excerpt":{"rendered":"<p>El p\u00fagil mexicano defendi\u00f3 su t\u00edtulo <\/p>\n","protected":false},"author":20,"featured_media":395127,"comment_status":"closed","ping_status":"closed","sticky":false,"template":"","format":"standard","meta":[],"categories":[6282,5418,6411],"tags":[5935,5461],"_links":{"self":[{"href":"http:\/\/desarrollo.grupomedios.com\/futbol\/wp-json\/wp\/v2\/posts\/395126"}],"collection":[{"href":"http:\/\/desarrollo.grupomedios.com\/futbol\/wp-json\/wp\/v2\/posts"}],"about":[{"href":"http:\/\/desarrollo.grupomedios.com\/futbol\/wp-json\/wp\/v2\/types\/post"}],"author":[{"embeddable":true,"href":"http:\/\/desarrollo.grupomedios.com\/futbol\/wp-json\/wp\/v2\/users\/20"}],"replies":[{"embeddable":true,"href":"http:\/\/desarrollo.grupomedios.com\/futbol\/wp-json\/wp\/v2\/comments?post=395126"}],"version-history":[{"count":0,"href":"http:\/\/desarrollo.grupomedios.com\/futbol\/wp-json\/wp\/v2\/posts\/395126\/revisions"}],"wp:featuredmedia":[{"embeddable":true,"href":"http:\/\/desarrollo.grupomedios.com\/futbol\/wp-json\/wp\/v2\/media\/395127"}],"wp:attachment":[{"href":"http:\/\/desarrollo.grupomedios.com\/futbol\/wp-json\/wp\/v2\/media?parent=395126"}],"wp:term":[{"taxonomy":"category","embeddable":true,"href":"http:\/\/desarrollo.grupomedios.com\/futbol\/wp-json\/wp\/v2\/categories?post=395126"},{"taxonomy":"post_tag","embeddable":true,"href":"http:\/\/desarrollo.grupomedios.com\/futbol\/wp-json\/wp\/v2\/tags?post=395126"}],"curies":[{"name":"wp","href":"https:\/\/api.w.org\/{rel}","templated":true}]}}