{"id":395236,"date":"2016-05-08T13:34:41","date_gmt":"2016-05-08T19:34:41","guid":{"rendered":"http:\/\/www.futboltotal.com.mx\/?p=395236"},"modified":"2016-05-08T13:46:45","modified_gmt":"2016-05-08T19:46:45","slug":"america-no-pudo-con-pumas-va-contra-chivas","status":"publish","type":"post","link":"http:\/\/desarrollo.grupomedios.com\/futbol\/destacado-home\/america-no-pudo-con-pumas-va-contra-chivas\/2016\/05","title":{"rendered":"\u00a1Zarpazo que obliga al Cl\u00e1sico!"},"content":{"rendered":"<p><strong>Pumas <\/strong>lleg\u00f3 a Ciudad \u00a0Universitaria sin opciones de liguilla, pero se despidi\u00f3 de su afici\u00f3n y salv\u00f3 el honor en el cl\u00e1sico capitalino contra el\u00a0<strong>Am\u00e9rica.\u00a0<\/strong>Los <em>Felinos <\/em>vinieron de atr\u00e1s para rescatar un empate 1-1, que obliga a las <em>\u00c1guilas\u00a0<\/em>a disputar el Cl\u00e1sico Nacional en <a href=\"http:\/\/www.futboltotal.com.mx\/2016\/05\/habra-doble-clasico-en-liguilla\/\">los Cuartos de Final de la Liguilla del Clausura 2016.<\/a><\/p>\n<p><strong>Am\u00e9rica<\/strong> abri\u00f3 la cuenta al minuto 43, despu\u00e9s de un tiro de esquina en el que Paul Aguilar logr\u00f3 rematar sin marcar alguna dentro del \u00e1rea.<\/p>\n<p><iframe loading=\"lazy\" src=\"https:\/\/www.youtube.com\/embed\/RuN--e5uSwM\" frameborder=\"0\" allowfullscreen=\"allowfullscreen\"><\/iframe><br \/>\n<strong>Pumas<\/strong> tuvo opciones para empatar el marcador. El portero Hugo Gonz\u00e1lez tuvo un par de intervenciones \u00a0y el colombiano\u00a0Qui\u00f1ones perdon\u00f3 en un mano a mano.<\/p>\n<p>Y en el segundo tiempo, a los <em>felinos<\/em>\u00a0se les present\u00f3 la mejor ocasi\u00f3n despu\u00e9s de que Paolo Goltz derribara a Eduardo Herrera dentro del \u00e1rea y el argentino Ismael Sosa tuviese la oportunidad desde el manch\u00f3n penal. Sin embargo una gran atajada de G\u00f3nzalez evit\u00f3 la igualada.<br \/>\n<iframe loading=\"lazy\" src=\"https:\/\/www.youtube.com\/embed\/yjb7Jbf6xo4\" frameborder=\"0\" allowfullscreen=\"allowfullscreen\"><\/iframe><\/p>\n<p>Pero cuando el partido agonizaba, Pumas mostr\u00f3 la garra en una jugada a bal\u00f3n parado en la que Qui\u00f1ones puso un buen servicio al \u00e1rea y el uruguayo Mat\u00edas Britos consigui\u00f3 rematar de cabeza y anid\u00f3 el esf\u00e9rico en la red.<\/p>\n<p><iframe loading=\"lazy\" src=\"https:\/\/www.youtube.com\/embed\/YbuSwiJNGuM\" frameborder=\"0\" allowfullscreen=\"allowfullscreen\"><\/iframe><\/p>\n<p>Fue as\u00ed como <strong>Pumas<\/strong> consigui\u00f3 firmar el empate 1-1 y cerr\u00f3 el torneo con 22 unidades en el d\u00e9cimo pelda\u00f1o de la Tabla General, mientras <strong>Am\u00e9rica<\/strong> acab\u00f3 en el cuarto pelda\u00f1o con 29 puntos y queda listo para enfrentar a Chivas en el arranque de la Liguilla.<\/p>\n<p><strong>Alineaciones:<\/strong><\/p>\n<p>UNAM.- Alejandro Palacios, Marcelo Alatorre, Gerardo Alcoba, Dar\u00edo Ver\u00f3n, Luis Fuentes, H\u00edbert Ru\u00edz, David Cabrera (Javier Cort\u00e9s, 46), Mat\u00edas Britos, Ismael Sosa, Dante L\u00f3pez (Dante L\u00f3pez, 46) y Eduardo Herrera (Fidel Mart\u00ednez, 80). DT Guillermo V\u00e1zquez.<\/p>\n<p>Am\u00e9rica.- Hugo Gonz\u00e1lez, Paul Aguilar, Paolo Goltz, Erik Pimentel, Miguel Samudio, Osvaldo Mart\u00ednez, Daniel Guerrero (Andr\u00e9s Andrade, 35), William da Silva, Michael Arroyo, Dar\u00edo Benedetto (Darwin Quintero, 63) y Oribe Peralta (Osmar Mares, 82). DT Ignacio Ambriz.<\/p>\n","protected":false},"excerpt":{"rendered":"<p>Pumas vino de atr\u00e1s y rescat\u00f3 ante Am\u00e9rica el empate 1-1 en CU<\/p>\n","protected":false},"author":20,"featured_media":395197,"comment_status":"closed","ping_status":"closed","sticky":false,"template":"","format":"standard","meta":[],"categories":[5,2198,3845],"tags":[5959,6458,74],"_links":{"self":[{"href":"http:\/\/desarrollo.grupomedios.com\/futbol\/wp-json\/wp\/v2\/posts\/395236"}],"collection":[{"href":"http:\/\/desarrollo.grupomedios.com\/futbol\/wp-json\/wp\/v2\/posts"}],"about":[{"href":"http:\/\/desarrollo.grupomedios.com\/futbol\/wp-json\/wp\/v2\/types\/post"}],"author":[{"embeddable":true,"href":"http:\/\/desarrollo.grupomedios.com\/futbol\/wp-json\/wp\/v2\/users\/20"}],"replies":[{"embeddable":true,"href":"http:\/\/desarrollo.grupomedios.com\/futbol\/wp-json\/wp\/v2\/comments?post=395236"}],"version-history":[{"count":0,"href":"http:\/\/desarrollo.grupomedios.com\/futbol\/wp-json\/wp\/v2\/posts\/395236\/revisions"}],"wp:featuredmedia":[{"embeddable":true,"href":"http:\/\/desarrollo.grupomedios.com\/futbol\/wp-json\/wp\/v2\/media\/395197"}],"wp:attachment":[{"href":"http:\/\/desarrollo.grupomedios.com\/futbol\/wp-json\/wp\/v2\/media?parent=395236"}],"wp:term":[{"taxonomy":"category","embeddable":true,"href":"http:\/\/desarrollo.grupomedios.com\/futbol\/wp-json\/wp\/v2\/categories?post=395236"},{"taxonomy":"post_tag","embeddable":true,"href":"http:\/\/desarrollo.grupomedios.com\/futbol\/wp-json\/wp\/v2\/tags?post=395236"}],"curies":[{"name":"wp","href":"https:\/\/api.w.org\/{rel}","templated":true}]}}