{"id":395262,"date":"2016-05-08T15:05:52","date_gmt":"2016-05-08T21:05:52","guid":{"rendered":"http:\/\/www.futboltotal.com.mx\/?p=395262"},"modified":"2016-05-08T15:05:52","modified_gmt":"2016-05-08T21:05:52","slug":"ochoa-evita-goleada-del-celta-al-malaga","status":"publish","type":"post","link":"http:\/\/desarrollo.grupomedios.com\/futbol\/futbol-internacional\/ochoa-evita-goleada-del-celta-al-malaga\/2016\/05","title":{"rendered":"Ochoa evita goleada al M\u00e1laga"},"content":{"rendered":"<p>El <strong>M\u00e1laga<\/strong> libr\u00f3 una goleada en su visita al Celta en la pen\u00faltima jornada de la Liga. Y fue gracias al portero mexicano <strong>Guillermo Ochoa<\/strong>, quien pese a recibir un gol de Nolito en la primera parte tuvo atajadas de primer nivel que a postre valieron para que los andaluces solo cayeran 1-0.<\/p>\n<p>En Balidos, <strong>Ochoa<\/strong> repiti\u00f3 como titular por novena ocasi\u00f3n de la temporada y, una vez m\u00e1s, mostr\u00f3\u00a0buenos reflejos buenos reflejos. Lo hizo en un par de ocasiones despu\u00e9s de que Nolito destap\u00f3 el marcador al minuto 31, en una jugada en la que el mexicano sufri\u00f3 las desatenciones de marcaje de la defensa <em>boquerona<\/em>.<\/p>\n<p style=\"text-align: center;\"><span style=\"color: #3366ff;\"><strong><a style=\"color: #3366ff;\" href=\"http:\/\/www.futboltotal.com.mx\/futbol-internacional\/mexicanos-en-europa\/\">LEER M\u00c1S: Todas las noticias de mexicanos en Europa<\/a><\/strong><\/span><\/p>\n<p>Agonizaba el primer tiempo y el M\u00e1laga perdi\u00f3 el bal\u00f3n en la salida, Nolito tom\u00f3 el bal\u00f3n por la banda izquierda y se enfil\u00f3 directo al \u00e1rea para batir de nueva cuenta a <strong>Ochoa<\/strong>, sin embargo; el arquero aguant\u00f3 hasta el \u00faltimo instante y consigui\u00f3 desviar el tiro a segundo poste.<\/p>\n<blockquote class=\"twitter-tweet\" data-lang=\"es\">\n<p dir=\"ltr\" lang=\"es\">1-0 Min40| \u00a1Buena estirada de <a href=\"https:\/\/twitter.com\/yosoy8a\">@yosoy8a<\/a> ante el disparo raso de Nolito! <a href=\"https:\/\/twitter.com\/hashtag\/CELvMCF?src=hash\">#CELvMCF<\/a> <a href=\"https:\/\/twitter.com\/hashtag\/MCFLive?src=hash\">#MCFLive<\/a><\/p>\n<p>\u2014 M\u00e1laga CF (@MalagaCF) <a href=\"https:\/\/twitter.com\/MalagaCF\/status\/729335084873035776\">8 de mayo de 2016<\/a><\/p><\/blockquote>\n<p><script src=\"\/\/platform.twitter.com\/widgets.js\" async=\"\" charset=\"utf-8\"><\/script><\/p>\n<p>Poco despu\u00e9s, el mexicano volvi\u00f3 a lucir y ahog\u00f3 el grito de la afici\u00f3n celeste. En un contragolpe fulminante, Nolito puso un pase diametral al pique de Iago Aspas y <strong>Ochoa<\/strong>, plantado a la mitad de \u00e1rea, vol\u00f3 para desviar con las u\u00f1as un definici\u00f3n de vaselina.<\/p>\n<blockquote class=\"twitter-tweet\" data-lang=\"es\"><p>\n1-0 Min71| \u00a1MADRE M\u00cdA <a href=\"https:\/\/twitter.com\/yosoy8a\">@yosoy8a<\/a>! Vaselina de Aspas en el mano a mano y el mexicano, con la punta de los dedos, la sac\u00f3! <a href=\"https:\/\/twitter.com\/hashtag\/CELvMCF?src=hash\">#CELvMCF<\/a> <a href=\"https:\/\/twitter.com\/hashtag\/MCFLive?src=hash\">#MCFLive<\/a><\/p>\n<p>\u2014 M\u00e1laga CF (@MalagaCF) <a href=\"https:\/\/twitter.com\/MalagaCF\/status\/729346984251895808\">8 de mayo de 2016<\/a>\n<\/p><\/blockquote>\n<p><script src=\"\/\/platform.twitter.com\/widgets.js\" async=\"\" charset=\"utf-8\"><\/script><\/p>\n<p>El M\u00e1laga tuvo untar de ocasiones para poder rescatar el empate, pero tambi\u00e9n el arquero el Celta, Rub\u00e9n Blanco, ejecut\u00f3 un par de intervenciones que le negaron el gol al delantero Duje Cop.<\/p>\n<p>A pesar de caer en la pen\u00faltima fecha del certamen, <strong>Ochoa<\/strong> sigue dando de qu\u00e9 hablar por la calidad que tiene como arquero. Salv\u00f3 los muebles del M\u00e1laga<\/p>\n<p>y la victoria de Real Sociedad, el equipo de \u201cPaco Memo\u201d se mantiene en la octava posici\u00f3n de la tabla con 45 puntos, gracias al descalabro de Valencia y los empates de Las Palmas y Eibar.<\/p>\n","protected":false},"excerpt":{"rendered":"<p>El mexicano tuvo una notable actuaci\u00f3n frente al Celta de Vigo<\/p>\n","protected":false},"author":20,"featured_media":395266,"comment_status":"closed","ping_status":"closed","sticky":false,"template":"","format":"standard","meta":[],"categories":[3839,3844,6718,5951],"tags":[5991,306],"_links":{"self":[{"href":"http:\/\/desarrollo.grupomedios.com\/futbol\/wp-json\/wp\/v2\/posts\/395262"}],"collection":[{"href":"http:\/\/desarrollo.grupomedios.com\/futbol\/wp-json\/wp\/v2\/posts"}],"about":[{"href":"http:\/\/desarrollo.grupomedios.com\/futbol\/wp-json\/wp\/v2\/types\/post"}],"author":[{"embeddable":true,"href":"http:\/\/desarrollo.grupomedios.com\/futbol\/wp-json\/wp\/v2\/users\/20"}],"replies":[{"embeddable":true,"href":"http:\/\/desarrollo.grupomedios.com\/futbol\/wp-json\/wp\/v2\/comments?post=395262"}],"version-history":[{"count":0,"href":"http:\/\/desarrollo.grupomedios.com\/futbol\/wp-json\/wp\/v2\/posts\/395262\/revisions"}],"wp:featuredmedia":[{"embeddable":true,"href":"http:\/\/desarrollo.grupomedios.com\/futbol\/wp-json\/wp\/v2\/media\/395266"}],"wp:attachment":[{"href":"http:\/\/desarrollo.grupomedios.com\/futbol\/wp-json\/wp\/v2\/media?parent=395262"}],"wp:term":[{"taxonomy":"category","embeddable":true,"href":"http:\/\/desarrollo.grupomedios.com\/futbol\/wp-json\/wp\/v2\/categories?post=395262"},{"taxonomy":"post_tag","embeddable":true,"href":"http:\/\/desarrollo.grupomedios.com\/futbol\/wp-json\/wp\/v2\/tags?post=395262"}],"curies":[{"name":"wp","href":"https:\/\/api.w.org\/{rel}","templated":true}]}}