{"id":395355,"date":"2016-05-08T19:17:18","date_gmt":"2016-05-09T01:17:18","guid":{"rendered":"http:\/\/www.futboltotal.com.mx\/?p=395355"},"modified":"2016-05-08T19:17:18","modified_gmt":"2016-05-09T01:17:18","slug":"terrible-oso-raul-gudino-en-uniao-madeira","status":"publish","type":"post","link":"http:\/\/desarrollo.grupomedios.com\/futbol\/videos\/terrible-oso-raul-gudino-en-uniao-madeira\/2016\/05","title":{"rendered":"\u00a1Terrible oso de Ra\u00fal Gudi\u00f1o!"},"content":{"rendered":"<p>En el partido entre <strong>Uniao Madeira<\/strong> y Boavista, de la pen\u00faltima jornada de la Super Liga de Portugal, el portero mexicano, <strong>Ra\u00fal Gudi\u00f1o<\/strong>, cometi\u00f3 un grave error, pues se equivoc\u00f3 en una salida al no atinar correctamente en su contacto con la pelota, y de esa forma permitir que el contrincante les marcara el 1-0.<\/p>\n<p>Ese tanto, fue el \u00fanico gol del partido, as\u00ed que el <strong>Uniao Madeira<\/strong> perdi\u00f3 tres puntos, a causa de un grave error de <strong>Ra\u00fal Gudi\u00f1o<\/strong>. El equipo del mexicano, se encuentra en la posici\u00f3n 16 de 18, con 29 unidades.<\/p>\n<p style=\"text-align: center;\"><span style=\"color: #3366ff;\"><strong><a style=\"color: #3366ff;\" href=\"http:\/\/www.futboltotal.com.mx\/2016\/05\/benfica-jimenez-a-duelo-del-tricampeonato\/\" target=\"_blank\">LEER M\u00c1S: Ra\u00fal Jim\u00e9nez y Benfica, a un triunfo de ser campeones<\/a><\/strong><\/span><\/p>\n<blockquote class=\"twitter-tweet\" data-lang=\"es\">\n<p dir=\"ltr\" lang=\"fi\">Ra\u00fal Gudi\u00f1o Hilarious Fail To Gift A Goal To Boavista! &#8211; <a href=\"https:\/\/t.co\/HnMSkvLaPT\">https:\/\/t.co\/HnMSkvLaPT<\/a> via <a href=\"https:\/\/twitter.com\/DailymotionUSA\">@DailymotionUSA<\/a><\/p>\n<p>\u2014 Witty Futty (@wittyfutty1) <a href=\"https:\/\/twitter.com\/wittyfutty1\/status\/729345454635401217\">8 de mayo de 2016<\/a><\/p><\/blockquote>\n<p><script src=\"\/\/platform.twitter.com\/widgets.js\" async=\"\" charset=\"utf-8\"><\/script><\/p>\n","protected":false},"excerpt":{"rendered":"<p>El cancerbero regal\u00f3 un gol en la liga de Portugal<\/p>\n","protected":false},"author":20,"featured_media":395356,"comment_status":"closed","ping_status":"closed","sticky":false,"template":"","format":"standard","meta":[],"categories":[3839,4],"tags":[4596],"_links":{"self":[{"href":"http:\/\/desarrollo.grupomedios.com\/futbol\/wp-json\/wp\/v2\/posts\/395355"}],"collection":[{"href":"http:\/\/desarrollo.grupomedios.com\/futbol\/wp-json\/wp\/v2\/posts"}],"about":[{"href":"http:\/\/desarrollo.grupomedios.com\/futbol\/wp-json\/wp\/v2\/types\/post"}],"author":[{"embeddable":true,"href":"http:\/\/desarrollo.grupomedios.com\/futbol\/wp-json\/wp\/v2\/users\/20"}],"replies":[{"embeddable":true,"href":"http:\/\/desarrollo.grupomedios.com\/futbol\/wp-json\/wp\/v2\/comments?post=395355"}],"version-history":[{"count":0,"href":"http:\/\/desarrollo.grupomedios.com\/futbol\/wp-json\/wp\/v2\/posts\/395355\/revisions"}],"wp:featuredmedia":[{"embeddable":true,"href":"http:\/\/desarrollo.grupomedios.com\/futbol\/wp-json\/wp\/v2\/media\/395356"}],"wp:attachment":[{"href":"http:\/\/desarrollo.grupomedios.com\/futbol\/wp-json\/wp\/v2\/media?parent=395355"}],"wp:term":[{"taxonomy":"category","embeddable":true,"href":"http:\/\/desarrollo.grupomedios.com\/futbol\/wp-json\/wp\/v2\/categories?post=395355"},{"taxonomy":"post_tag","embeddable":true,"href":"http:\/\/desarrollo.grupomedios.com\/futbol\/wp-json\/wp\/v2\/tags?post=395355"}],"curies":[{"name":"wp","href":"https:\/\/api.w.org\/{rel}","templated":true}]}}