{"id":395366,"date":"2016-05-08T20:04:18","date_gmt":"2016-05-09T02:04:18","guid":{"rendered":"http:\/\/www.futboltotal.com.mx\/?p=395366"},"modified":"2016-05-08T20:04:18","modified_gmt":"2016-05-09T02:04:18","slug":"omar-govea-campeon-porto-b","status":"publish","type":"post","link":"http:\/\/desarrollo.grupomedios.com\/futbol\/futbol-internacional\/omar-govea-campeon-porto-b\/2016\/05","title":{"rendered":"\u00a1Omar Govea, campe\u00f3n con Porto B!"},"content":{"rendered":"<p>Todav\u00eda no jugaban su partido en la Segunda Divisi\u00f3n de Portugal, y el <strong>Porto B<\/strong> ya era campe\u00f3n matem\u00e1tico; sin embargo, cuando se enfrent\u00f3 al Benfica, ratific\u00f3 su t\u00edtulo con una victoria de 3-1. Es la primera vez que los <em>Dragones<\/em> son campeones en la segunda categor\u00eda del pa\u00eds peninsular, y el mexicano, <strong>Omar Govea<\/strong>, fue part\u00edcipe de dicho logro.<\/p>\n<blockquote class=\"twitter-tweet\" data-lang=\"es\">\n<p dir=\"ltr\" lang=\"pt\"><a href=\"https:\/\/twitter.com\/hashtag\/FCPortoB?src=hash\">#FCPortoB<\/a>: Campe\u00f5es da <a href=\"https:\/\/twitter.com\/hashtag\/LedmanLigaPro?src=hash\">#LedmanLigaPro<\/a>. Parab\u00e9ns!<\/p>\n<p>FC Porto B: <a href=\"https:\/\/twitter.com\/hashtag\/LedmanLigaPro?src=hash\">#LedmanLigaPro<\/a> Champions. Congratulations!<br \/>\n? <a href=\"https:\/\/t.co\/vMnHZ8kyoU\">pic.twitter.com\/vMnHZ8kyoU<\/a><\/p>\n<p>\u2014 FC Porto (@FCPorto) <a href=\"https:\/\/twitter.com\/FCPorto\/status\/729282138005221376\">8 de mayo de 2016<\/a><\/p><\/blockquote>\n<p><script src=\"\/\/platform.twitter.com\/widgets.js\" async=\"\" charset=\"utf-8\"><\/script><\/p>\n<blockquote class=\"twitter-tweet\" data-lang=\"es\"><p>\n<a href=\"https:\/\/twitter.com\/hashtag\/FCPortoB?src=hash\">#FCPortoB<\/a>: Campe\u00f5es da <a href=\"https:\/\/twitter.com\/hashtag\/LedmanLigaPro?src=hash\">#LedmanLigaPro<\/a>. Parab\u00e9ns!<br \/>\nSabe mais em <a href=\"https:\/\/t.co\/4e7KEhZdjO\">https:\/\/t.co\/4e7KEhZdjO<\/a> <a href=\"https:\/\/t.co\/HDj7RbfOcX\">pic.twitter.com\/HDj7RbfOcX<\/a><\/p>\n<p>\u2014 FC Porto (@FCPorto) <a href=\"https:\/\/twitter.com\/FCPorto\/status\/729380923314192385\">8 de mayo de 2016<\/a>\n<\/p><\/blockquote>\n<p><script src=\"\/\/platform.twitter.com\/widgets.js\" async=\"\" charset=\"utf-8\"><\/script><\/p>\n<p><strong>Omar Govea<\/strong> jug\u00f3 34 partidos con el <strong>Porto B<\/strong>, siendo pieza clave del conjunto luso para conseguir su primer t\u00edtulo en la Segunda Divisi\u00f3n de Portugal. El equipo portugu\u00e9s festej\u00f3 de la siguiente forma, y el mexicano tambi\u00e9n se grab\u00f3 en la celebraci\u00f3n.<\/p>\n<p style=\"text-align: center;\"><span style=\"color: #3366ff;\"><strong><a style=\"color: #3366ff;\" href=\"http:\/\/www.futboltotal.com.mx\/2016\/05\/asi-celebraron-guardado-moreno-titulo-psv\/\" target=\"_blank\">LEER M\u00c1S: Tambi\u00e9n Andr\u00e9s Guardado y H\u00e9ctor Moreno, se coronan<\/a><\/strong><\/span><\/p>\n<blockquote class=\"twitter-tweet\" data-lang=\"es\">\n<p dir=\"ltr\" lang=\"pt\">?<a href=\"https:\/\/twitter.com\/hashtag\/FCPortoB?src=hash\">#FCPortoB<\/a>: Campe\u00f5es da <a href=\"https:\/\/twitter.com\/hashtag\/LedmanLigaPro?src=hash\">#LedmanLigaPro<\/a>. Parab\u00e9ns!<\/p>\n<p>FC Porto B: Ledman Liga Pro Champions. Congratulations! <a href=\"https:\/\/t.co\/vtGEHTU7zB\">pic.twitter.com\/vtGEHTU7zB<\/a><\/p>\n<p>\u2014 FC Porto (@FCPorto) <a href=\"https:\/\/twitter.com\/FCPorto\/status\/729285851562283008\">8 de mayo de 2016<\/a><\/p><\/blockquote>\n<p><script src=\"\/\/platform.twitter.com\/widgets.js\" async=\"\" charset=\"utf-8\"><\/script><\/p>\n<blockquote class=\"twitter-tweet\" data-lang=\"es\"><p>\nOmar Govea (<a href=\"https:\/\/twitter.com\/96govea\">@96govea<\/a>) na festa dos Campe\u00f5es!<a href=\"https:\/\/twitter.com\/hashtag\/FCPortoB?src=hash\">#FCPortoB<\/a> <a href=\"https:\/\/twitter.com\/hashtag\/FCPorto?src=hash\">#FCPorto<\/a> <a href=\"https:\/\/twitter.com\/hashtag\/SomosPorto?src=hash\">#SomosPorto<\/a> <a href=\"https:\/\/t.co\/QvazhlKqbc\">pic.twitter.com\/QvazhlKqbc<\/a><\/p>\n<p>\u2014 INVICTUS (@ThePortoFan) <a href=\"https:\/\/twitter.com\/ThePortoFan\/status\/729296832208224256\">8 de mayo de 2016<\/a>\n<\/p><\/blockquote>\n<p><script src=\"\/\/platform.twitter.com\/widgets.js\" async=\"\" charset=\"utf-8\"><\/script><\/p>\n","protected":false},"excerpt":{"rendered":"<p>El mexicano hizo historia en la segunda divisi\u00f3n lusa<\/p>\n","protected":false},"author":20,"featured_media":395367,"comment_status":"closed","ping_status":"closed","sticky":false,"template":"","format":"standard","meta":[],"categories":[3839,6718,5951],"tags":[5612],"_links":{"self":[{"href":"http:\/\/desarrollo.grupomedios.com\/futbol\/wp-json\/wp\/v2\/posts\/395366"}],"collection":[{"href":"http:\/\/desarrollo.grupomedios.com\/futbol\/wp-json\/wp\/v2\/posts"}],"about":[{"href":"http:\/\/desarrollo.grupomedios.com\/futbol\/wp-json\/wp\/v2\/types\/post"}],"author":[{"embeddable":true,"href":"http:\/\/desarrollo.grupomedios.com\/futbol\/wp-json\/wp\/v2\/users\/20"}],"replies":[{"embeddable":true,"href":"http:\/\/desarrollo.grupomedios.com\/futbol\/wp-json\/wp\/v2\/comments?post=395366"}],"version-history":[{"count":0,"href":"http:\/\/desarrollo.grupomedios.com\/futbol\/wp-json\/wp\/v2\/posts\/395366\/revisions"}],"wp:featuredmedia":[{"embeddable":true,"href":"http:\/\/desarrollo.grupomedios.com\/futbol\/wp-json\/wp\/v2\/media\/395367"}],"wp:attachment":[{"href":"http:\/\/desarrollo.grupomedios.com\/futbol\/wp-json\/wp\/v2\/media?parent=395366"}],"wp:term":[{"taxonomy":"category","embeddable":true,"href":"http:\/\/desarrollo.grupomedios.com\/futbol\/wp-json\/wp\/v2\/categories?post=395366"},{"taxonomy":"post_tag","embeddable":true,"href":"http:\/\/desarrollo.grupomedios.com\/futbol\/wp-json\/wp\/v2\/tags?post=395366"}],"curies":[{"name":"wp","href":"https:\/\/api.w.org\/{rel}","templated":true}]}}