{"id":395391,"date":"2016-05-09T10:13:43","date_gmt":"2016-05-09T16:13:43","guid":{"rendered":"http:\/\/www.futboltotal.com.mx\/?p=395391"},"modified":"2016-05-09T10:13:43","modified_gmt":"2016-05-09T16:13:43","slug":"top-5-mejores-goles-la-jornada-17","status":"publish","type":"post","link":"http:\/\/desarrollo.grupomedios.com\/futbol\/videos\/top-5-mejores-goles-la-jornada-17\/2016\/05","title":{"rendered":"Los mejores goles de la jornada 17"},"content":{"rendered":"<p>En la \u00faltima fecha se marcaron s\u00f3lo 21 anotaciones, dos de ellas, fueron marcadas por Andr\u00e9-Pierre Gignac, quien de esta forma se consagr\u00f3 como el campe\u00f3n de goleo del Clausura 2016, al alcanzar las 13 dianas; adem\u00e1s, esos dos goles fueron de gran t\u00e9cnica, por eso integran el Top 5 de anotaciones de la jornada 17.<\/p>\n<p style=\"text-align: center;\"><span style=\"color: #3366ff;\"><strong><a style=\"color: #3366ff;\" href=\"http:\/\/www.futboltotal.com.mx\/2016\/05\/gignac-nuevo-campeon-goleo\/\" target=\"_blank\">LEER M\u00c1S: El campe\u00f3n de goleo del Clausura 2016<\/a><\/strong><\/span><\/p>\n<p><span style=\"color: #ff0000;\"><strong>VIDEO: Los mejores goles de la jornada 17<\/strong><\/span><\/p>\n<p>[video_player]https:\/\/player.vimeo.com\/external\/165890627.hd.mp4?s=3fbcc3f60420796ff36635d5efb88be02de72167&amp;profile_id=174[\/video_player]<\/p>\n","protected":false},"excerpt":{"rendered":"<p>\u00a1Grandes anotaciones se dieron en la \u00faltima fecha!<\/p>\n","protected":false},"author":20,"featured_media":395392,"comment_status":"closed","ping_status":"closed","sticky":false,"template":"","format":"standard","meta":[],"categories":[2198,3845,6381,4],"tags":[1572,6185],"_links":{"self":[{"href":"http:\/\/desarrollo.grupomedios.com\/futbol\/wp-json\/wp\/v2\/posts\/395391"}],"collection":[{"href":"http:\/\/desarrollo.grupomedios.com\/futbol\/wp-json\/wp\/v2\/posts"}],"about":[{"href":"http:\/\/desarrollo.grupomedios.com\/futbol\/wp-json\/wp\/v2\/types\/post"}],"author":[{"embeddable":true,"href":"http:\/\/desarrollo.grupomedios.com\/futbol\/wp-json\/wp\/v2\/users\/20"}],"replies":[{"embeddable":true,"href":"http:\/\/desarrollo.grupomedios.com\/futbol\/wp-json\/wp\/v2\/comments?post=395391"}],"version-history":[{"count":0,"href":"http:\/\/desarrollo.grupomedios.com\/futbol\/wp-json\/wp\/v2\/posts\/395391\/revisions"}],"wp:featuredmedia":[{"embeddable":true,"href":"http:\/\/desarrollo.grupomedios.com\/futbol\/wp-json\/wp\/v2\/media\/395392"}],"wp:attachment":[{"href":"http:\/\/desarrollo.grupomedios.com\/futbol\/wp-json\/wp\/v2\/media?parent=395391"}],"wp:term":[{"taxonomy":"category","embeddable":true,"href":"http:\/\/desarrollo.grupomedios.com\/futbol\/wp-json\/wp\/v2\/categories?post=395391"},{"taxonomy":"post_tag","embeddable":true,"href":"http:\/\/desarrollo.grupomedios.com\/futbol\/wp-json\/wp\/v2\/tags?post=395391"}],"curies":[{"name":"wp","href":"https:\/\/api.w.org\/{rel}","templated":true}]}}