{"id":395440,"date":"2016-05-09T13:17:01","date_gmt":"2016-05-09T19:17:01","guid":{"rendered":"http:\/\/www.futboltotal.com.mx\/?p=395440"},"modified":"2016-05-09T13:27:42","modified_gmt":"2016-05-09T19:27:42","slug":"cardozo-se-van-pendiente","status":"publish","type":"post","link":"http:\/\/desarrollo.grupomedios.com\/futbol\/futbol-mexicano\/cardozo-se-van-pendiente\/2016\/05","title":{"rendered":"Cardozo se van con un pendiente"},"content":{"rendered":"<p><strong>Jos\u00e9 Saturnino Cardozo<\/strong> ha dejado de ser t\u00e9cnico de los <a href=\"http:\/\/www.futboltotal.com.mx\/equipos\/toluca\/\" target=\"_blank\"><em>Diablos Rojos<\/em> del <strong>Toluca<\/strong><\/a>. En compa\u00f1\u00eda de Jaime Le\u00f3n y Jos\u00e9 Suinaga, directivos del cuadro <em>escarlata<\/em>, se hizo oficial el cese en la direcci\u00f3n t\u00e9cnica del ex goleador <em>choricero<\/em>. \u201cSin roces con nadie\u201d, asegur\u00f3 el <em>guaran\u00ed<\/em>.<\/p>\n<p><a href=\"http:\/\/www.futboltotal.com.mx\/2016\/05\/cardozo-se-van-pendiente\/cese-cardozo-toluca-dt\/\" rel=\"attachment wp-att-395443\"><img decoding=\"async\" loading=\"lazy\" class=\"aligncenter size-full wp-image-395443\" src=\"http:\/\/www.futboltotal.com.mx\/wp-content\/uploads\/2016\/05\/cese-cardozo-toluca-DT.jpg\" alt=\"cese-cardozo-toluca-DT\" srcset=\"http:\/\/desarrollo.grupomedios.com\/futbol\/wp-content\/uploads\/2016\/05\/cese-cardozo-toluca-DT.jpg 820w, http:\/\/desarrollo.grupomedios.com\/futbol\/wp-content\/uploads\/2016\/05\/cese-cardozo-toluca-DT-300x128.jpg 300w, http:\/\/desarrollo.grupomedios.com\/futbol\/wp-content\/uploads\/2016\/05\/cese-cardozo-toluca-DT-768x328.jpg 768w\" sizes=\"(max-width: 820px) 100vw, 820px\" \/><\/a><\/p>\n<p>La principal raz\u00f3n para terminar la relaci\u00f3n laboral con <strong>Cardozo<\/strong> se debe a que el club <strong>Toluca<\/strong> no clasific\u00f3 a la liguilla del Clausura 2006 y en los tres a\u00f1os que dirigi\u00f3 no logr\u00f3 un t\u00edtulo de liga, objetivo urgente que hab\u00eda planteado el t\u00e9cnico con la directiva antes del arranque de este torneo y que, seg\u00fan extern\u00f3 el <em>guaran\u00ed<\/em> \u201clastimosamente no se consigui\u00f3\u201d.<\/p>\n<p>Aunque <strong>Jos\u00e9 Saturnino Cardozo<\/strong> -que ten\u00eda un a\u00f1o m\u00e1s de contrato- destac\u00f3 sus logros con el equipo: \u201cEntramos a la Copa Libertadores, que era otro objetivo que se hab\u00eda trazado. Le dimos oportunidades a los j\u00f3venes de la cantera, algunos maduraron, otros, no\u201d. Y Suinaga agreg\u00f3: \u201cTambi\u00e9n nos has dado cuatro semifinales en seis torneos de liga, una final de <em>Concachampions<\/em> y una participaci\u00f3n digna en Copa Libertadores\u201d.<\/p>\n<p style=\"text-align: center;\"><strong><a style=\"color: #3366ff;\" href=\"http:\/\/www.futboltotal.com.mx\/2016\/03\/top-5-los-mejores-goles-jose-saturnino-cardozo\/\">VER M\u00c1S:\u00a0TOP\u00a05 |\u00a0Grandes\u00a0goles de Pepe Cardozo<\/a><\/strong><\/p>\n<p>El ahora ex t\u00e9cnico de los <em>Diablos<\/em>, asegur\u00f3 que se va con la consciencia tranquila porque dio todo. \u201cPero el objetivo principal no se logr\u00f3, y punto\u201d.<\/p>\n<p><span style=\"color: #ff0000;\"><strong>VIDEO<\/strong>:\u00a0Los mejores goles\u00a0de la jornada 17 del Clausura 2016<\/span><\/p>\n<p>[video_player]https:\/\/player.vimeo.com\/external\/165890627.hd.mp4?s=3fbcc3f60420796ff36635d5efb88be02de72167&amp;profile_id=174[\/video_player]<\/p>\n","protected":false},"excerpt":{"rendered":"<p>En tres a\u00f1os en el banquillo, el guaran\u00ed llev\u00f3 al Toluca a cuatro semifinales<\/p>\n","protected":false},"author":127,"featured_media":395444,"comment_status":"closed","ping_status":"closed","sticky":false,"template":"","format":"standard","meta":[],"categories":[2198,3845,5950],"tags":[4235,5975],"_links":{"self":[{"href":"http:\/\/desarrollo.grupomedios.com\/futbol\/wp-json\/wp\/v2\/posts\/395440"}],"collection":[{"href":"http:\/\/desarrollo.grupomedios.com\/futbol\/wp-json\/wp\/v2\/posts"}],"about":[{"href":"http:\/\/desarrollo.grupomedios.com\/futbol\/wp-json\/wp\/v2\/types\/post"}],"author":[{"embeddable":true,"href":"http:\/\/desarrollo.grupomedios.com\/futbol\/wp-json\/wp\/v2\/users\/127"}],"replies":[{"embeddable":true,"href":"http:\/\/desarrollo.grupomedios.com\/futbol\/wp-json\/wp\/v2\/comments?post=395440"}],"version-history":[{"count":0,"href":"http:\/\/desarrollo.grupomedios.com\/futbol\/wp-json\/wp\/v2\/posts\/395440\/revisions"}],"wp:featuredmedia":[{"embeddable":true,"href":"http:\/\/desarrollo.grupomedios.com\/futbol\/wp-json\/wp\/v2\/media\/395444"}],"wp:attachment":[{"href":"http:\/\/desarrollo.grupomedios.com\/futbol\/wp-json\/wp\/v2\/media?parent=395440"}],"wp:term":[{"taxonomy":"category","embeddable":true,"href":"http:\/\/desarrollo.grupomedios.com\/futbol\/wp-json\/wp\/v2\/categories?post=395440"},{"taxonomy":"post_tag","embeddable":true,"href":"http:\/\/desarrollo.grupomedios.com\/futbol\/wp-json\/wp\/v2\/tags?post=395440"}],"curies":[{"name":"wp","href":"https:\/\/api.w.org\/{rel}","templated":true}]}}