{"id":395442,"date":"2016-05-09T14:08:21","date_gmt":"2016-05-09T20:08:21","guid":{"rendered":"http:\/\/www.futboltotal.com.mx\/?p=395442"},"modified":"2016-05-09T16:28:56","modified_gmt":"2016-05-09T22:28:56","slug":"tecnicos-mejores-posibilidades-mantenerse-en-la-liga-mx","status":"publish","type":"post","link":"http:\/\/desarrollo.grupomedios.com\/futbol\/destacado-home\/tecnicos-mejores-posibilidades-mantenerse-en-la-liga-mx\/2016\/05","title":{"rendered":"Se viene un intenso desfile de t\u00e9cnicos"},"content":{"rendered":"<p>Cinco equipos tuvieron cambi\u00f3 de<strong>\u00a0t\u00e9cnico<\/strong> en el Clausura 2016: Atlas, Puebla, Dorados, Le\u00f3n y Toluca. Tres de ellos cesaron al estratega por malos resultados, uno m\u00e1s acept\u00f3 la renuncia de su estratega, mientras que otro tuvo que suplir a su entrenador debido a que su titular recibi\u00f3 otra oferta.<\/p>\n<p>Y de cara al Apertura 2016, se espera un intenso desfile de directores t\u00e9cnicos en la Liga MX.\u00a0En ese sentido, destaca el inminente regreso del\u00a0<em>Chepo<\/em> de la Torre y la continuidad del <em>Profe<\/em> Cruz en el m\u00e1ximo circuito.<\/p>\n<p style=\"text-align: center;\"><span style=\"color: #3366ff;\"><strong><a style=\"color: #3366ff;\" href=\"http:\/\/www.futboltotal.com.mx\/2016\/05\/cardozo-se-van-pendiente\/\">LEER M\u00c1S: Cardozo se van con un pendiente<\/a><\/strong><\/span><\/p>\n<p><strong>Jos\u00e9 Cardozo<\/strong> |\u00a0En general, el <em>guaran\u00ed<\/em>\u00a0tuvo buenos n\u00fameros con Toluca, al clasificarlos a cuatro liguillas\u00a0de la Liga MX, desde que tom\u00f3 el tim\u00f3n. Por ello, aparentemente, la directiva del Cruz Azul estar\u00eda interesada\u00a0en sus servicios en caso de que Tom\u00e1s Boy no contin\u00fae en el banquillo. Otra opci\u00f3n para Cardozo ser\u00eda el Atlas, pero el cuadro <em>rojinegro<\/em> parece haber amarrado a otro estratega.<\/p>\n<p><a href=\"http:\/\/www.futboltotal.com.mx\/wp-content\/uploads\/2016\/05\/tecnicos-jose-cardozo.png\" rel=\"attachment wp-att-395460\"><img decoding=\"async\" loading=\"lazy\" class=\"alignnone size-full wp-image-395460\" src=\"http:\/\/www.futboltotal.com.mx\/wp-content\/uploads\/2016\/05\/tecnicos-jose-cardozo.png\" alt=\"tecnicos-jose-cardozo\" srcset=\"http:\/\/desarrollo.grupomedios.com\/futbol\/wp-content\/uploads\/2016\/05\/tecnicos-jose-cardozo.png 820w, http:\/\/desarrollo.grupomedios.com\/futbol\/wp-content\/uploads\/2016\/05\/tecnicos-jose-cardozo-300x110.png 300w, http:\/\/desarrollo.grupomedios.com\/futbol\/wp-content\/uploads\/2016\/05\/tecnicos-jose-cardozo-768x281.png 768w\" sizes=\"(max-width: 820px) 100vw, 820px\" \/><\/a><\/p>\n<p><strong>Pablo Marini<\/strong> | Su efectividad con el Puebla fue cercana al 50\u00a0por ciento, adem\u00e1s de haber calificado a la<em> Franja<\/em>\u00a0a la liguilla del Apertura\u00a02015. Por eso, trasciende que\u00a0el Veracruz lo tiene en la mira en caso de que se confirme la salida de Carlos Reinoso.<\/p>\n<p><a href=\"http:\/\/www.futboltotal.com.mx\/wp-content\/uploads\/2016\/05\/tecnicos-pablo-marini.png\" rel=\"attachment wp-att-395463\"><img decoding=\"async\" loading=\"lazy\" class=\"alignnone size-full wp-image-395463\" src=\"http:\/\/www.futboltotal.com.mx\/wp-content\/uploads\/2016\/05\/tecnicos-pablo-marini.png\" alt=\"tecnicos-pablo-marini\" srcset=\"http:\/\/desarrollo.grupomedios.com\/futbol\/wp-content\/uploads\/2016\/05\/tecnicos-pablo-marini.png 820w, http:\/\/desarrollo.grupomedios.com\/futbol\/wp-content\/uploads\/2016\/05\/tecnicos-pablo-marini-300x110.png 300w, http:\/\/desarrollo.grupomedios.com\/futbol\/wp-content\/uploads\/2016\/05\/tecnicos-pablo-marini-768x281.png 768w\" sizes=\"(max-width: 820px) 100vw, 820px\" \/><\/a><\/p>\n<p><strong>Jos\u00e9 Manuel de la Torre<\/strong> | Con la salida de Jos\u00e9 Saturnino Cardozo del banquillo del Toluca, el \u00faltimo director t\u00e9cnico campe\u00f3n con los mexiquenses ha sonado como la principal opci\u00f3n para relevar al <em>Diablo<\/em> <em>Mayor<\/em> en el tim\u00f3n.<\/p>\n<p><a href=\"http:\/\/www.futboltotal.com.mx\/wp-content\/uploads\/2016\/05\/tecnicos-jose-manuel-de-la-torre.png\" rel=\"attachment wp-att-395466\"><img decoding=\"async\" loading=\"lazy\" class=\"alignnone size-full wp-image-395466\" src=\"http:\/\/www.futboltotal.com.mx\/wp-content\/uploads\/2016\/05\/tecnicos-jose-manuel-de-la-torre.png\" alt=\"tecnicos-jose-manuel-de-la-torre\" srcset=\"http:\/\/desarrollo.grupomedios.com\/futbol\/wp-content\/uploads\/2016\/05\/tecnicos-jose-manuel-de-la-torre.png 820w, http:\/\/desarrollo.grupomedios.com\/futbol\/wp-content\/uploads\/2016\/05\/tecnicos-jose-manuel-de-la-torre-300x110.png 300w, http:\/\/desarrollo.grupomedios.com\/futbol\/wp-content\/uploads\/2016\/05\/tecnicos-jose-manuel-de-la-torre-768x281.png 768w\" sizes=\"(max-width: 820px) 100vw, 820px\" \/><\/a><\/p>\n<p><strong>Gustavo Matosas<\/strong> |\u00a0Ante la crisis que en alg\u00fan momento arreci\u00f3\u00a0en la <em>M\u00e1quina<\/em> por los comentarios de Tom\u00e1s Boy hacia Vicente Mat\u00edas Vuoso, se especul\u00f3 que Cruz Azul ya ten\u00eda pl\u00e1ticas con el entrenador uruguayo. Y aunque Eduardo de la Torre, presidente deportivo cementero, neg\u00f3 esa aseveraci\u00f3n, el estratega <em>charr\u00faa<\/em>\u00a0sigue siendo opci\u00f3n para la entidad <em>cementera<\/em>.<\/p>\n<p><a href=\"http:\/\/www.futboltotal.com.mx\/wp-content\/uploads\/2016\/05\/tecnicos-gustavo-matosas.png\" rel=\"attachment wp-att-395468\"><img decoding=\"async\" loading=\"lazy\" class=\"alignnone size-full wp-image-395468\" src=\"http:\/\/www.futboltotal.com.mx\/wp-content\/uploads\/2016\/05\/tecnicos-gustavo-matosas.png\" alt=\"tecnicos-gustavo-matosas\" srcset=\"http:\/\/desarrollo.grupomedios.com\/futbol\/wp-content\/uploads\/2016\/05\/tecnicos-gustavo-matosas.png 820w, http:\/\/desarrollo.grupomedios.com\/futbol\/wp-content\/uploads\/2016\/05\/tecnicos-gustavo-matosas-300x110.png 300w, http:\/\/desarrollo.grupomedios.com\/futbol\/wp-content\/uploads\/2016\/05\/tecnicos-gustavo-matosas-768x281.png 768w\" sizes=\"(max-width: 820px) 100vw, 820px\" \/><\/a><\/p>\n<p><strong>Jos\u00e9 Guadalupe Cruz<\/strong> | Diversos medios nacionales aseguran que el <em>Profe<\/em> est\u00e1 a punto de firmar como director t\u00e9cnico\u00a0del Atlas, as\u00ed que sus posibilidades se est\u00e1n convirtiendo en realidad. Se apunta que esta tarde\u00a0estar\u00eda colocando su r\u00fabrica en un contrato con los <em>rojinegros<\/em>.<\/p>\n<p><a href=\"http:\/\/www.futboltotal.com.mx\/wp-content\/uploads\/2016\/05\/tecnicos-guadalupe-cruz.png\" rel=\"attachment wp-att-395470\"><img decoding=\"async\" loading=\"lazy\" class=\"alignnone size-full wp-image-395470\" src=\"http:\/\/www.futboltotal.com.mx\/wp-content\/uploads\/2016\/05\/tecnicos-guadalupe-cruz.png\" alt=\"tecnicos-guadalupe-cruz\" srcset=\"http:\/\/desarrollo.grupomedios.com\/futbol\/wp-content\/uploads\/2016\/05\/tecnicos-guadalupe-cruz.png 820w, http:\/\/desarrollo.grupomedios.com\/futbol\/wp-content\/uploads\/2016\/05\/tecnicos-guadalupe-cruz-300x110.png 300w, http:\/\/desarrollo.grupomedios.com\/futbol\/wp-content\/uploads\/2016\/05\/tecnicos-guadalupe-cruz-768x281.png 768w\" sizes=\"(max-width: 820px) 100vw, 820px\" \/><\/a><\/p>\n<p><span style=\"color: #ff0000;\"><strong>VIDEO<\/strong>\u00a0| Los mejores goles de la jornada 17 del Clausura 2016<\/span><\/p>\n<p>[video_player]https:\/\/player.vimeo.com\/external\/165890627.hd.mp4?s=3fbcc3f60420796ff36635d5efb88be02de72167&amp;profile_id=174[\/video_player]<\/p>\n","protected":false},"excerpt":{"rendered":"<p>Destaca el inminente regreso del Chepo de la Torre<\/p>\n","protected":false},"author":20,"featured_media":395455,"comment_status":"closed","ping_status":"closed","sticky":false,"template":"","format":"standard","meta":[],"categories":[5,2198,3845],"tags":[6458,64],"_links":{"self":[{"href":"http:\/\/desarrollo.grupomedios.com\/futbol\/wp-json\/wp\/v2\/posts\/395442"}],"collection":[{"href":"http:\/\/desarrollo.grupomedios.com\/futbol\/wp-json\/wp\/v2\/posts"}],"about":[{"href":"http:\/\/desarrollo.grupomedios.com\/futbol\/wp-json\/wp\/v2\/types\/post"}],"author":[{"embeddable":true,"href":"http:\/\/desarrollo.grupomedios.com\/futbol\/wp-json\/wp\/v2\/users\/20"}],"replies":[{"embeddable":true,"href":"http:\/\/desarrollo.grupomedios.com\/futbol\/wp-json\/wp\/v2\/comments?post=395442"}],"version-history":[{"count":0,"href":"http:\/\/desarrollo.grupomedios.com\/futbol\/wp-json\/wp\/v2\/posts\/395442\/revisions"}],"wp:featuredmedia":[{"embeddable":true,"href":"http:\/\/desarrollo.grupomedios.com\/futbol\/wp-json\/wp\/v2\/media\/395455"}],"wp:attachment":[{"href":"http:\/\/desarrollo.grupomedios.com\/futbol\/wp-json\/wp\/v2\/media?parent=395442"}],"wp:term":[{"taxonomy":"category","embeddable":true,"href":"http:\/\/desarrollo.grupomedios.com\/futbol\/wp-json\/wp\/v2\/categories?post=395442"},{"taxonomy":"post_tag","embeddable":true,"href":"http:\/\/desarrollo.grupomedios.com\/futbol\/wp-json\/wp\/v2\/tags?post=395442"}],"curies":[{"name":"wp","href":"https:\/\/api.w.org\/{rel}","templated":true}]}}