{"id":395497,"date":"2016-05-09T16:20:35","date_gmt":"2016-05-09T22:20:35","guid":{"rendered":"http:\/\/www.futboltotal.com.mx\/?p=395497"},"modified":"2016-05-09T16:20:37","modified_gmt":"2016-05-09T22:20:37","slug":"convocatoria-del-tri-toulon","status":"publish","type":"post","link":"http:\/\/desarrollo.grupomedios.com\/futbol\/destacado-home\/convocatoria-del-tri-toulon\/2016\/05","title":{"rendered":"Convocatoria del TRI para Toulon"},"content":{"rendered":"<p>La Direcci\u00f3n de Selecciones Nacionales dio a conocer la lista de jugadores convocados a la <strong>Selecci\u00f3n Mexicana\u00a0Sub-23<\/strong> que participar\u00e1 en\u00a0el <strong>Torneo Esperanzas de Toulon<\/strong>.<\/p>\n<p><a href=\"http:\/\/www.futboltotal.com.mx\/2016\/05\/convocatoria-del-tri-toulon\/convocatoria-tri-olimpico-toulon\/\" rel=\"attachment wp-att-395501\"><img decoding=\"async\" loading=\"lazy\" class=\"aligncenter size-full wp-image-395501\" src=\"http:\/\/www.futboltotal.com.mx\/wp-content\/uploads\/2016\/05\/convocatoria-tri-olimpico-toulon.jpg\" alt=\"convocatoria-tri-olimpico-toulon\" srcset=\"http:\/\/desarrollo.grupomedios.com\/futbol\/wp-content\/uploads\/2016\/05\/convocatoria-tri-olimpico-toulon.jpg 820w, http:\/\/desarrollo.grupomedios.com\/futbol\/wp-content\/uploads\/2016\/05\/convocatoria-tri-olimpico-toulon-300x132.jpg 300w, http:\/\/desarrollo.grupomedios.com\/futbol\/wp-content\/uploads\/2016\/05\/convocatoria-tri-olimpico-toulon-768x338.jpg 768w\" sizes=\"(max-width: 820px) 100vw, 820px\" \/><\/a><\/p>\n<p>En la lista destaca la ausencia de varios\u00a0jugadores que ven\u00edan trabajando en este\u00a0proceso, situaci\u00f3n que obedece a la actividad de esos futbolistas en la liguilla de la Liga MX, instancia que arranca este mi\u00e9rcoles.<\/p>\n<p>La <strong>Selecci\u00f3n Mexicana Sub-23<\/strong>\u00a0se encuentra cada vez m\u00e1s cerca de los <strong>Juegos Ol\u00edmpicos R\u00edo 2016<\/strong>. Y ante ello, de la mano de Ra\u00fal Guti\u00e9rrez, director t\u00e9cnico del combinado <em>azteca<\/em>, iniciar\u00e1n su \u00faltimo periodo de preparaci\u00f3n este martes 10 de mayo.<\/p>\n<p style=\"text-align: center;\"><span style=\"color: #3366ff;\"><strong><a style=\"color: #3366ff;\" href=\"http:\/\/www.futboltotal.com.mx\/2016\/05\/andres-guardado-cerca-juegos-olimpicos\/\">LEER M\u00c1S: Andr\u00e9s Guardado, cerca de Juegos Ol\u00edmpicos<\/a><\/strong><\/span><\/p>\n<p>En puerta est\u00e1 uno de los cert\u00e1menes que le servir\u00e1 de gran forma a este combinado nacional para tener un panorama mucho m\u00e1s claro de cara a la justa ol\u00edmpica: el <strong>Torneo Esperanzas de Toulon<\/strong>, el cual se celebrar\u00e1 del 18 al 29 de mayo en territorio franc\u00e9s.<\/p>\n<p>En el prestigioso certamen, <strong>M\u00e9xico<\/strong> enfrentar\u00e1 a Francia, Rep\u00fablica Checa, Mal\u00ed y Bulgaria en la Fase de Grupos. El Grupo B lo integran Inglaterra, Guinea, Jap\u00f3n, Paraguay y Portugal.<\/p>\n","protected":false},"excerpt":{"rendered":"<p>La liguilla le arrebata jugadores importantes al Potro Guti\u00e9rrez<\/p>\n","protected":false},"author":20,"featured_media":395507,"comment_status":"closed","ping_status":"closed","sticky":false,"template":"","format":"standard","meta":[],"categories":[5,3847],"tags":[65,2377],"_links":{"self":[{"href":"http:\/\/desarrollo.grupomedios.com\/futbol\/wp-json\/wp\/v2\/posts\/395497"}],"collection":[{"href":"http:\/\/desarrollo.grupomedios.com\/futbol\/wp-json\/wp\/v2\/posts"}],"about":[{"href":"http:\/\/desarrollo.grupomedios.com\/futbol\/wp-json\/wp\/v2\/types\/post"}],"author":[{"embeddable":true,"href":"http:\/\/desarrollo.grupomedios.com\/futbol\/wp-json\/wp\/v2\/users\/20"}],"replies":[{"embeddable":true,"href":"http:\/\/desarrollo.grupomedios.com\/futbol\/wp-json\/wp\/v2\/comments?post=395497"}],"version-history":[{"count":0,"href":"http:\/\/desarrollo.grupomedios.com\/futbol\/wp-json\/wp\/v2\/posts\/395497\/revisions"}],"wp:featuredmedia":[{"embeddable":true,"href":"http:\/\/desarrollo.grupomedios.com\/futbol\/wp-json\/wp\/v2\/media\/395507"}],"wp:attachment":[{"href":"http:\/\/desarrollo.grupomedios.com\/futbol\/wp-json\/wp\/v2\/media?parent=395497"}],"wp:term":[{"taxonomy":"category","embeddable":true,"href":"http:\/\/desarrollo.grupomedios.com\/futbol\/wp-json\/wp\/v2\/categories?post=395497"},{"taxonomy":"post_tag","embeddable":true,"href":"http:\/\/desarrollo.grupomedios.com\/futbol\/wp-json\/wp\/v2\/tags?post=395497"}],"curies":[{"name":"wp","href":"https:\/\/api.w.org\/{rel}","templated":true}]}}