{"id":395625,"date":"2016-05-10T08:46:00","date_gmt":"2016-05-10T14:46:00","guid":{"rendered":"http:\/\/www.futboltotal.com.mx\/?p=395625"},"modified":"2016-05-10T13:58:55","modified_gmt":"2016-05-10T19:58:55","slug":"joao-rojas-fue-supendido-tres-partidos","status":"publish","type":"post","link":"http:\/\/desarrollo.grupomedios.com\/futbol\/futbol-mexicano\/joao-rojas-fue-supendido-tres-partidos\/2016\/05","title":{"rendered":"Joao Rojas fue supendido tres partidos"},"content":{"rendered":"<p>El delantero de <a href=\"http:\/\/www.futboltotal.com.mx\/equipos\/cruz-azul\/\" target=\"_blank\">Cruz Azul<\/a>, <strong>Joao Rojas<\/strong>, fue suspendido tres partidos, despu\u00e9s de la expulsi\u00f3n que sufri\u00f3 el pasado s\u00e1bado al agredir a Nahuel Guzm\u00e1n durante el juego ante los <a href=\"http:\/\/www.futboltotal.com.mx\/equipos\/tigres\/\" target=\"_blank\">Tigres<\/a>.<\/p>\n<p>En el informe de la Comisi\u00f3n Disciplinaria se menciona que el ecuatoriano actu\u00f3 con conducta violenta durante el partido y adem\u00e1s insult\u00f3 a los oficiales que estaban al mando del partido.<\/p>\n<p>Adem\u00e1s del jugador <strong>Joao Rojas<\/strong>, el central de <a href=\"http:\/\/www.futboltotal.com.mx\/equipos\/santos\/\" target=\"_blank\">Santos<\/a>, Carlos Izquierdoz, fue suspendido por dos juegos: uno por su expulsi\u00f3n ante las\u00a0<a href=\"http:\/\/www.futboltotal.com.mx\/equipos\/guadalajara\/\" target=\"_blank\"><em>Chivas\u00a0<\/em>de Guadalajara<\/a> y otro por insultar al \u00e1rbitro, motivos por los que se perder\u00e1 los Cuartos de Final de la Liguilla.<\/p>\n<p style=\"text-align: center;\"><span style=\"color: #3366ff;\">LEER M\u00c1S:\u00a0<a style=\"color: #3366ff;\" href=\"http:\/\/www.futboltotal.com.mx\/2016\/05\/simulador-liguilla-clausura-2016-elige-a-los-semifinalistas\/\">Simulador de la Liguilla | \u00bfQui\u00e9nes avanzan?<\/a><\/span><\/p>\n<p>En cuanto al jugador del <a href=\"http:\/\/www.futboltotal.com.mx\/equipos\/America\/\" target=\"_blank\">Am\u00e9rica<\/a>, Miguel Samudio, la Comisi\u00f3n Disciplinaria no quit\u00f3 la sanci\u00f3n por su expulsi\u00f3n ante Pumas y se perder\u00e1 el juego de ida del Cl\u00e1sico Nacional en la Liguilla.<\/p>\n","protected":false},"excerpt":{"rendered":"<p>El delantero de la M\u00e1quina fue suspendido por su agresi\u00f3n a Nahuel Guzm\u00e1n<\/p>\n","protected":false},"author":20,"featured_media":395627,"comment_status":"closed","ping_status":"closed","sticky":false,"template":"","format":"standard","meta":[],"categories":[2198,3845,5950],"tags":[5962,434,64],"_links":{"self":[{"href":"http:\/\/desarrollo.grupomedios.com\/futbol\/wp-json\/wp\/v2\/posts\/395625"}],"collection":[{"href":"http:\/\/desarrollo.grupomedios.com\/futbol\/wp-json\/wp\/v2\/posts"}],"about":[{"href":"http:\/\/desarrollo.grupomedios.com\/futbol\/wp-json\/wp\/v2\/types\/post"}],"author":[{"embeddable":true,"href":"http:\/\/desarrollo.grupomedios.com\/futbol\/wp-json\/wp\/v2\/users\/20"}],"replies":[{"embeddable":true,"href":"http:\/\/desarrollo.grupomedios.com\/futbol\/wp-json\/wp\/v2\/comments?post=395625"}],"version-history":[{"count":0,"href":"http:\/\/desarrollo.grupomedios.com\/futbol\/wp-json\/wp\/v2\/posts\/395625\/revisions"}],"wp:featuredmedia":[{"embeddable":true,"href":"http:\/\/desarrollo.grupomedios.com\/futbol\/wp-json\/wp\/v2\/media\/395627"}],"wp:attachment":[{"href":"http:\/\/desarrollo.grupomedios.com\/futbol\/wp-json\/wp\/v2\/media?parent=395625"}],"wp:term":[{"taxonomy":"category","embeddable":true,"href":"http:\/\/desarrollo.grupomedios.com\/futbol\/wp-json\/wp\/v2\/categories?post=395625"},{"taxonomy":"post_tag","embeddable":true,"href":"http:\/\/desarrollo.grupomedios.com\/futbol\/wp-json\/wp\/v2\/tags?post=395625"}],"curies":[{"name":"wp","href":"https:\/\/api.w.org\/{rel}","templated":true}]}}