{"id":395677,"date":"2016-05-10T12:06:25","date_gmt":"2016-05-10T18:06:25","guid":{"rendered":"http:\/\/www.futboltotal.com.mx\/?p=395677"},"modified":"2016-05-10T12:06:25","modified_gmt":"2016-05-10T18:06:25","slug":"las-emociones-del-clausura-2016","status":"publish","type":"post","link":"http:\/\/desarrollo.grupomedios.com\/futbol\/videos\/las-emociones-del-clausura-2016\/2016\/05","title":{"rendered":"\u00a1Las emociones del Clausura 2016!"},"content":{"rendered":"<p>La fase regular del <strong>Clausura 2016<\/strong> dej\u00f3 algunas cosas trascendentales, como el t\u00edtulo de goleo de Andr\u00e9-Pierre Gignac, en apenas su segundo torneo en la Liga MX, o la cuarta ocasi\u00f3n consecutiva, en que el Cruz Azul, se queda sin liguilla. Esas y otras situaciones, probablemente hicieron sentir emociones a la afici\u00f3n mexicana, de la siguiente forma:<\/p>\n<p style=\"text-align: center;\"><span style=\"color: #3366ff;\"><strong><a style=\"color: #3366ff;\" href=\"http:\/\/www.futboltotal.com.mx\/2016\/05\/dorados-equipo-mas-rotacion-jugadores-en-clausura-2016\/\" target=\"_blank\">LEER M\u00c1S: Dorados se va, pero supera a los dem\u00e1s en un rubro<\/a><\/strong><\/span><\/p>\n<p><span style=\"color: #ff0000;\"><strong>VIDEO: Las emociones del Clausura 2016<\/strong><\/span><\/p>\n<p>[video_player]https:\/\/player.vimeo.com\/external\/166079293.hd.mp4?s=e2cf98308dad907797ec287da483daa701377f39&amp;profile_id=174[\/video_player]<\/p>\n","protected":false},"excerpt":{"rendered":"<p>\u00a1As\u00ed se siente la Liga MX, tras las 17 jornadas!<\/p>\n","protected":false},"author":20,"featured_media":395678,"comment_status":"closed","ping_status":"closed","sticky":false,"template":"","format":"standard","meta":[],"categories":[2198,3845,4],"tags":[7055,64],"_links":{"self":[{"href":"http:\/\/desarrollo.grupomedios.com\/futbol\/wp-json\/wp\/v2\/posts\/395677"}],"collection":[{"href":"http:\/\/desarrollo.grupomedios.com\/futbol\/wp-json\/wp\/v2\/posts"}],"about":[{"href":"http:\/\/desarrollo.grupomedios.com\/futbol\/wp-json\/wp\/v2\/types\/post"}],"author":[{"embeddable":true,"href":"http:\/\/desarrollo.grupomedios.com\/futbol\/wp-json\/wp\/v2\/users\/20"}],"replies":[{"embeddable":true,"href":"http:\/\/desarrollo.grupomedios.com\/futbol\/wp-json\/wp\/v2\/comments?post=395677"}],"version-history":[{"count":0,"href":"http:\/\/desarrollo.grupomedios.com\/futbol\/wp-json\/wp\/v2\/posts\/395677\/revisions"}],"wp:featuredmedia":[{"embeddable":true,"href":"http:\/\/desarrollo.grupomedios.com\/futbol\/wp-json\/wp\/v2\/media\/395678"}],"wp:attachment":[{"href":"http:\/\/desarrollo.grupomedios.com\/futbol\/wp-json\/wp\/v2\/media?parent=395677"}],"wp:term":[{"taxonomy":"category","embeddable":true,"href":"http:\/\/desarrollo.grupomedios.com\/futbol\/wp-json\/wp\/v2\/categories?post=395677"},{"taxonomy":"post_tag","embeddable":true,"href":"http:\/\/desarrollo.grupomedios.com\/futbol\/wp-json\/wp\/v2\/tags?post=395677"}],"curies":[{"name":"wp","href":"https:\/\/api.w.org\/{rel}","templated":true}]}}