{"id":395797,"date":"2016-05-11T07:49:29","date_gmt":"2016-05-11T13:49:29","guid":{"rendered":"http:\/\/www.futboltotal.com.mx\/?p=395797"},"modified":"2016-05-11T08:56:20","modified_gmt":"2016-05-11T14:56:20","slug":"pablo-aguilar-presume-grandeza-del-america","status":"publish","type":"post","link":"http:\/\/desarrollo.grupomedios.com\/futbol\/destacado-home\/pablo-aguilar-presume-grandeza-del-america\/2016\/05","title":{"rendered":"Pablo Aguilar presume grandeza del Am\u00e9rica"},"content":{"rendered":"<p>El Cl\u00e1sico Nacional siguen encendido de cara a los Cuartos de Final, por ello el defensa del<strong> <a href=\"http:\/\/www.futboltotal.com.mx\/equipos\/america\/\" target=\"_blank\">Am\u00e9rica<\/a><\/strong>, <strong>Pablo Aguilar<\/strong>, se ha encargado de presumir la grandeza de las\u00a0<em>\u00c1guilas\u00a0<\/em>ante su rival, las<a href=\"http:\/\/www.futboltotal.com.mx\/equipos\/guadalajara\/\" target=\"_blank\"><strong>\u00a0<\/strong><em><strong>Chivas<\/strong>\u00a0<\/em>de Guadalajara<\/a>.<\/p>\n<p>&#8220;Estamos tranquilos, las Copas ah\u00ed en las vitrinas lo dicen todo. Ellos est\u00e1n peleando el descenso, nosotros siempre estamos peleando por la <strong>Liguilla<\/strong>, peleamos en lo alto, creo que ah\u00ed se ve la grandeza que tiene cada quien&#8221;, dijo el paraguayo.<\/p>\n<p style=\"text-align: center;\"><span style=\"color: #3366ff;\">LEER M\u00c1S:\u00a0<a style=\"color: #3366ff;\" href=\"http:\/\/www.futboltotal.com.mx\/2016\/05\/los-5-mejores-refuerzos-del-clausura-2016-2\/\">Los 5 mejores refuerzos del Clausura 2016<\/a><\/span><\/p>\n<p>El defensa tambi\u00e9n habl\u00f3 sobre las burlas del \u00faltimo Cl\u00e1sico en donde obtuvieron la victoria y seg\u00fan \u00e9l, es algo del pasado, a pesar de que <a href=\"http:\/\/www.futboltotal.com.mx\/2016\/05\/brizuela-envia-primer-mensaje-america\/\" target=\"_blank\">el delantero de <em>Chivas,\u00a0<\/em>Isaac Brizuela se quej\u00f3 el pasado lunes.<\/a><\/p>\n<p>&#8220;Nostros pr\u00e1cticamente ya los olvidamos, festejamos nuestro triunfo, no tomamos ninguna venganza porque todo el mundo sabe c\u00f3mo se festej\u00f3, principalmente el arquero de ellos pero eso ya qued\u00f3 atr\u00e1s. S\u00f3lo pensamos en nosotros, si hacemos un gol, como dije anteriormente, cada quien es libre de festejar como quiera&#8221;, declar\u00f3 <strong>Aguilar<\/strong>.<\/p>\n","protected":false},"excerpt":{"rendered":"<p>El central habl\u00f3 sobre los t\u00edtulos de Am\u00e9rica<\/p>\n","protected":false},"author":20,"featured_media":395798,"comment_status":"closed","ping_status":"closed","sticky":false,"template":"","format":"standard","meta":[],"categories":[5,2198,3845],"tags":[5959,70,994],"_links":{"self":[{"href":"http:\/\/desarrollo.grupomedios.com\/futbol\/wp-json\/wp\/v2\/posts\/395797"}],"collection":[{"href":"http:\/\/desarrollo.grupomedios.com\/futbol\/wp-json\/wp\/v2\/posts"}],"about":[{"href":"http:\/\/desarrollo.grupomedios.com\/futbol\/wp-json\/wp\/v2\/types\/post"}],"author":[{"embeddable":true,"href":"http:\/\/desarrollo.grupomedios.com\/futbol\/wp-json\/wp\/v2\/users\/20"}],"replies":[{"embeddable":true,"href":"http:\/\/desarrollo.grupomedios.com\/futbol\/wp-json\/wp\/v2\/comments?post=395797"}],"version-history":[{"count":0,"href":"http:\/\/desarrollo.grupomedios.com\/futbol\/wp-json\/wp\/v2\/posts\/395797\/revisions"}],"wp:featuredmedia":[{"embeddable":true,"href":"http:\/\/desarrollo.grupomedios.com\/futbol\/wp-json\/wp\/v2\/media\/395798"}],"wp:attachment":[{"href":"http:\/\/desarrollo.grupomedios.com\/futbol\/wp-json\/wp\/v2\/media?parent=395797"}],"wp:term":[{"taxonomy":"category","embeddable":true,"href":"http:\/\/desarrollo.grupomedios.com\/futbol\/wp-json\/wp\/v2\/categories?post=395797"},{"taxonomy":"post_tag","embeddable":true,"href":"http:\/\/desarrollo.grupomedios.com\/futbol\/wp-json\/wp\/v2\/tags?post=395797"}],"curies":[{"name":"wp","href":"https:\/\/api.w.org\/{rel}","templated":true}]}}