{"id":395847,"date":"2016-05-11T13:10:46","date_gmt":"2016-05-11T19:10:46","guid":{"rendered":"http:\/\/www.futboltotal.com.mx\/?p=395847"},"modified":"2016-05-11T13:36:50","modified_gmt":"2016-05-11T19:36:50","slug":"buffon-renueva-hasta-2018","status":"publish","type":"post","link":"http:\/\/desarrollo.grupomedios.com\/futbol\/futbol-internacional\/buffon-renueva-hasta-2018\/2016\/05","title":{"rendered":"Juventus blinda a Gianluigi Buffon"},"content":{"rendered":"<p>Tras la conquista del Pentacampeonato de la Serie A, la <strong>Juventus <\/strong>ha comenzado a confeccionar la plantilla para la temporada 2016-17. Dos de los imprescindibles para el entrenador Massimiliano Allegri son el arquero <strong>Gialuigi Buffon<\/strong> y el defensa <strong>Andrea Barzagli<\/strong>, quienes este d\u00eda han llegado a un acuerdo para ampliar su contrato por dos a\u00f1os m\u00e1s.<\/p>\n<p>&#8220;Con Buffon y Barzagli caminaremos hasta el 2018. Tener a Gigi como capit\u00e1n es un privilegio, es un hombre que marca la diferencia en el campo y fuera de \u00e9l. Barzagli ha sido nuestra mejor incorporaci\u00f3n y es honor tenerlo en el club&#8221;, expres\u00f3 el presidente de la <em>Juve,<\/em> Andrea Agnelli.<\/p>\n<blockquote class=\"twitter-tweet\" data-lang=\"es\">\n<p dir=\"ltr\" lang=\"it\">Agnelli: &#8220;Con <a href=\"https:\/\/twitter.com\/gianluigibuffon\">@gianluigibuffon<\/a> e <a href=\"https:\/\/twitter.com\/andreabarzagli2\">@andreabarzagli2<\/a> cammineremo assieme fino al 2018&#8243; <a href=\"https:\/\/twitter.com\/hashtag\/Buffon2018?src=hash\">#Buffon2018<\/a> <a href=\"https:\/\/twitter.com\/hashtag\/Barzagli2018?src=hash\">#Barzagli2018<\/a> <a href=\"https:\/\/t.co\/EQtaTlPG3j\">pic.twitter.com\/EQtaTlPG3j<\/a><\/p>\n<p>\u2014 JuventusFC (@juventusfc) <a href=\"https:\/\/twitter.com\/juventusfc\/status\/730369920643567616\">11 de mayo de 2016<\/a><\/p><\/blockquote>\n<p><script src=\"\/\/platform.twitter.com\/widgets.js\" async=\"\" charset=\"utf-8\"><\/script><br \/>\n Despu\u00e9s de haber ampliado su contrato, <strong>Buffon <\/strong>asegur\u00f3 que su \u00fanico deseo es seguir bajo los tres palos de la Juventus hasta el final de su carrera. Por ahora tiene la certeza de llegar hasta los 40 a\u00f1os. Ya despu\u00e9s ser\u00e1 el cuerpo el que le diga si puede o no seguir. \u00a0<\/p>\n<p>&#8220;Espero que mi historia con la Juventus pueda concluir con m\u00e1s t\u00edtulos y \u00e9xitos&#8221;, apunt\u00f3 el guardameta, que viste la camiseta bianconera desde hace 16 temporadas.<\/p>\n<blockquote class=\"twitter-tweet\" data-lang=\"es\"><p>\nGiocher\u00f2 nella <a href=\"https:\/\/twitter.com\/juventusfc\">@juventusfc<\/a> fino al 2018. Altri due anni in bianconero. Felice e orgoglioso. <a href=\"https:\/\/twitter.com\/hashtag\/Buffon2018?src=hash\">#Buffon2018<\/a> <a href=\"https:\/\/twitter.com\/hashtag\/Cap1tano?src=hash\">#Cap1tano<\/a><\/p>\n<p>\u2014 Gianluigi Buffon (@gianluigibuffon) <a href=\"https:\/\/twitter.com\/gianluigibuffon\/status\/730377964207144960\">11 de mayo de 2016<\/a>\n<\/p><\/blockquote>\n<p>En tanto, Andrea Barzagli se\u00f1al\u00f3 que espera &#8220;ser un gu\u00eda para ayudar a las futuras generaciones del club a dar el salto al primer equipo&#8221;. &#8220;Estor orgulloso de estar aqu\u00ed y ayudar al equipo que me dado el privilegio de ser una vez m\u00e1s campe\u00f3n&#8221;, dijo.\u00a0 <\/p>\n<p><script src=\"\/\/platform.twitter.com\/widgets.js\" async=\"\" charset=\"utf-8\"><\/script><\/p>\n<blockquote class=\"twitter-tweet\" data-lang=\"es\">\n<p dir=\"ltr\" lang=\"it\">Davvero molto felice per il nuovo contratto con <a href=\"https:\/\/twitter.com\/juventusfc\">@juventusfc<\/a>.Bisogna migliorare ancora per raggiungere altre vittorie <a href=\"https:\/\/t.co\/RtlIGfpkA3\">pic.twitter.com\/RtlIGfpkA3<\/a><\/p>\n<p>\u2014 Andrea Barzagli (@andreabarzagli2) <a href=\"https:\/\/twitter.com\/andreabarzagli2\/status\/730416389887016961\">11 de mayo de 2016<\/a><\/p><\/blockquote>\n<p><script src=\"\/\/platform.twitter.com\/widgets.js\" async=\"\" charset=\"utf-8\"><\/script><\/p>\n","protected":false},"excerpt":{"rendered":"<p>El legendario guardameta jugar\u00e1 hasta que tenga 40 a\u00f1os <\/p>\n","protected":false},"author":20,"featured_media":351825,"comment_status":"closed","ping_status":"closed","sticky":false,"template":"","format":"standard","meta":[],"categories":[3839,3848,5951],"tags":[6027,5999],"_links":{"self":[{"href":"http:\/\/desarrollo.grupomedios.com\/futbol\/wp-json\/wp\/v2\/posts\/395847"}],"collection":[{"href":"http:\/\/desarrollo.grupomedios.com\/futbol\/wp-json\/wp\/v2\/posts"}],"about":[{"href":"http:\/\/desarrollo.grupomedios.com\/futbol\/wp-json\/wp\/v2\/types\/post"}],"author":[{"embeddable":true,"href":"http:\/\/desarrollo.grupomedios.com\/futbol\/wp-json\/wp\/v2\/users\/20"}],"replies":[{"embeddable":true,"href":"http:\/\/desarrollo.grupomedios.com\/futbol\/wp-json\/wp\/v2\/comments?post=395847"}],"version-history":[{"count":0,"href":"http:\/\/desarrollo.grupomedios.com\/futbol\/wp-json\/wp\/v2\/posts\/395847\/revisions"}],"wp:featuredmedia":[{"embeddable":true,"href":"http:\/\/desarrollo.grupomedios.com\/futbol\/wp-json\/wp\/v2\/media\/351825"}],"wp:attachment":[{"href":"http:\/\/desarrollo.grupomedios.com\/futbol\/wp-json\/wp\/v2\/media?parent=395847"}],"wp:term":[{"taxonomy":"category","embeddable":true,"href":"http:\/\/desarrollo.grupomedios.com\/futbol\/wp-json\/wp\/v2\/categories?post=395847"},{"taxonomy":"post_tag","embeddable":true,"href":"http:\/\/desarrollo.grupomedios.com\/futbol\/wp-json\/wp\/v2\/tags?post=395847"}],"curies":[{"name":"wp","href":"https:\/\/api.w.org\/{rel}","templated":true}]}}