{"id":395889,"date":"2016-05-11T15:00:32","date_gmt":"2016-05-11T21:00:32","guid":{"rendered":"http:\/\/www.futboltotal.com.mx\/?p=395889"},"modified":"2016-05-11T15:07:45","modified_gmt":"2016-05-11T21:07:45","slug":"ignacio-ambriz-sufria-alcoholismo-drogadiccion","status":"publish","type":"post","link":"http:\/\/desarrollo.grupomedios.com\/futbol\/futbol-mexicano\/ignacio-ambriz-sufria-alcoholismo-drogadiccion\/2016\/05","title":{"rendered":"\u00a1Ignacio Ambriz toc\u00f3 fondo!\u2026 Pero el futbol lo rescat\u00f3"},"content":{"rendered":"<p>El director t\u00e9cnico del <a href=\"http:\/\/futboltotal.com.mx\/equipos\/america\/\" target=\"_blank\"><strong>Am\u00e9rica<\/strong><\/a>, <strong>Ignacio Ambriz<\/strong>, reconoci\u00f3 en una entrevista con F\u00e9lix Fern\u00e1ndez, que lleg\u00f3 a sufrir de adicciones, entre ellas, de alcohol y drogas, pero luego fue rescatado por el futbol, donde ahora, tiene \u00e9xito como director t\u00e9cnico.<\/p>\n<p><a href=\"http:\/\/www.futboltotal.com.mx\/wp-content\/uploads\/2015\/12\/top-5-retiro-en-origen-ignacio-ambriz.jpg\" rel=\"attachment wp-att-343693\"><img decoding=\"async\" loading=\"lazy\" class=\"alignnone size-full wp-image-343693\" src=\"http:\/\/www.futboltotal.com.mx\/wp-content\/uploads\/2015\/12\/top-5-retiro-en-origen-ignacio-ambriz.jpg\" alt=\"top-5-retiro-en-origen-ignacio-ambriz\" srcset=\"http:\/\/desarrollo.grupomedios.com\/futbol\/wp-content\/uploads\/2015\/12\/top-5-retiro-en-origen-ignacio-ambriz.jpg 820w, http:\/\/desarrollo.grupomedios.com\/futbol\/wp-content\/uploads\/2015\/12\/top-5-retiro-en-origen-ignacio-ambriz-300x110.jpg 300w\" sizes=\"(max-width: 820px) 100vw, 820px\" \/><\/a><\/p>\n<p>En charla con F\u00e9lix Fern\u00e1ndez, ex futbolista y ahora comentarista, <strong>Ignacio Ambriz<\/strong> acept\u00f3 que tuvo problemas de adicci\u00f3n, que surgieron en sus d\u00edas como jugador, los cuales, mermaron su vida personal y deportiva, hasta que el futbol lo regres\u00f3 al camino del \u00e9xito.<\/p>\n<p>&#8220;Es cierto que tuve muchos errores, empec\u00e9 a beber de m\u00e1s, por ah\u00ed tuve algunos problemas de drogas, donde creo que confund\u00ed la diversi\u00f3n con el libertinaje&#8221;, acept\u00f3 el estratega <em>azulcrema<\/em>, en charla con el comentarista de <em>Univisi\u00f3n Deportes.<\/em><\/p>\n<p style=\"text-align: center;\"><strong><span style=\"color: #3366ff;\"><a style=\"color: #3366ff;\" href=\"http:\/\/www.futboltotal.com.mx\/2016\/05\/los-5-mejores-refuerzos-del-clausura-2016-2\/\" target=\"_blank\">LEER M\u00c1S: Los mejores refuerzos del Clausura 2016<\/a><\/span><\/strong><\/p>\n<p>El director t\u00e9cnico del <strong>Am\u00e9rica<\/strong>, revel\u00f3 que la raz\u00f3n por la que entr\u00f3 en el mundo de las drogas y el alcoholismo, se debi\u00f3 al cambio que se dio en su forma de vida, ya que \u00e9l era de origen humilde y al ganar m\u00e1s dinero y tener fama, se le hizo f\u00e1cil cometer errores; sin embargo, logr\u00f3 salir.<\/p>\n<p>&#8220;Ese haber tocado fondo, en verdad me ayud\u00f3, porque me permiti\u00f3 levantarme. Siempre le he agradecido a dios por haberme repuesto. Tambi\u00e9n agradezco al futbol, que es todo para m\u00ed, me lo ha dado todo&#8221;, agreg\u00f3 <strong>Ignacio Ambriz<\/strong>.<\/p>\n<p><span style=\"color: #ff0000;\"><strong>VIDEO<\/strong>: La historia de&#8230; <em>Nacho<\/em> Ambriz<\/span><\/p>\n<p>[video_player]https:\/\/player.vimeo.com\/external\/164489444.sd.mp4?s=f9ab021260c002d8a43457bd6444b6588ab998b2&amp;profile_id=165[\/video_player]<\/p>\n<p>&nbsp;<\/p>\n","protected":false},"excerpt":{"rendered":"<p>El t\u00e9cnico del Am\u00e9rica reconoci\u00f3 haber sufrido de adicciones<\/p>\n","protected":false},"author":20,"featured_media":395891,"comment_status":"closed","ping_status":"closed","sticky":false,"template":"","format":"standard","meta":[],"categories":[5419,2198,3845],"tags":[5959,511],"_links":{"self":[{"href":"http:\/\/desarrollo.grupomedios.com\/futbol\/wp-json\/wp\/v2\/posts\/395889"}],"collection":[{"href":"http:\/\/desarrollo.grupomedios.com\/futbol\/wp-json\/wp\/v2\/posts"}],"about":[{"href":"http:\/\/desarrollo.grupomedios.com\/futbol\/wp-json\/wp\/v2\/types\/post"}],"author":[{"embeddable":true,"href":"http:\/\/desarrollo.grupomedios.com\/futbol\/wp-json\/wp\/v2\/users\/20"}],"replies":[{"embeddable":true,"href":"http:\/\/desarrollo.grupomedios.com\/futbol\/wp-json\/wp\/v2\/comments?post=395889"}],"version-history":[{"count":0,"href":"http:\/\/desarrollo.grupomedios.com\/futbol\/wp-json\/wp\/v2\/posts\/395889\/revisions"}],"wp:featuredmedia":[{"embeddable":true,"href":"http:\/\/desarrollo.grupomedios.com\/futbol\/wp-json\/wp\/v2\/media\/395891"}],"wp:attachment":[{"href":"http:\/\/desarrollo.grupomedios.com\/futbol\/wp-json\/wp\/v2\/media?parent=395889"}],"wp:term":[{"taxonomy":"category","embeddable":true,"href":"http:\/\/desarrollo.grupomedios.com\/futbol\/wp-json\/wp\/v2\/categories?post=395889"},{"taxonomy":"post_tag","embeddable":true,"href":"http:\/\/desarrollo.grupomedios.com\/futbol\/wp-json\/wp\/v2\/tags?post=395889"}],"curies":[{"name":"wp","href":"https:\/\/api.w.org\/{rel}","templated":true}]}}