{"id":396170,"date":"2016-05-12T09:21:21","date_gmt":"2016-05-12T15:21:21","guid":{"rendered":"http:\/\/www.futboltotal.com.mx\/?p=396170"},"modified":"2016-05-12T09:26:18","modified_gmt":"2016-05-12T15:26:18","slug":"falcao-seguira-en-chelsea-vuelve-a-monaco","status":"publish","type":"post","link":"http:\/\/desarrollo.grupomedios.com\/futbol\/futbol-internacional\/falcao-seguira-en-chelsea-vuelve-a-monaco\/2016\/05","title":{"rendered":"Falcao no seguir\u00e1 en Chelsea, vuelve a M\u00f3naco"},"content":{"rendered":"<p>El delantero colombiano, <strong>Radamel Falcao<\/strong>, volver\u00e1 la pr\u00f3xima temporada al <strong>M\u00f3naco<\/strong> luego de que el Chelsea no ejerciera la opci\u00f3n de compra que tiene sobre el delantero.<\/p>\n<p>La llegada del <strong>Falcao<\/strong> a los\u00a0<em>Blues\u00a0<\/em>se di\u00f3 en la presente campa\u00f1a 2015-16 despu\u00e9s de haber jugado un a\u00f1o para el Manchester United, en donde tampoco figur\u00f3 pues solo marc\u00f3 cuatro goles.<\/p>\n<p>En su estad\u00eda en Londres con el <strong>Chelsea<\/strong>, el colombiano solo ha jugado 11 partidos y apenas\u00a0anot\u00f3 en una ocasi\u00f3n, por lo que Jos\u00e9 Mourinho y ahora Guus Hiddink lo fueron relegando al banquillo, adem\u00e1s de las reca\u00eddas en su lesi\u00f3n de la rodilla.<\/p>\n<p>&#8220;El <strong>Chelsea<\/strong> ya me dijo en febrero que no cuentan conmigo, por lo que no seguir\u00e9. En <strong>M\u00f3naco<\/strong> me quieren porque hicieron una fuerte inversi\u00f3n en m\u00ed y quieren ver la recompensa. La temporada que vienen me quieren all\u00ed&#8221;, dijo el <em>Cafetero.<\/em><\/p>\n<p><iframe loading=\"lazy\" src=\"https:\/\/www.youtube.com\/embed\/mC4S2S-URCQ\" frameborder=\"0\" allowfullscreen=\"allowfullscreen\"><\/iframe><\/p>\n<p>La \u00faltima vez que la\u00a0<em>El Tigre\u00a0<\/em>jug\u00f3 un torneo complet\u00f3 fue en la temporada 2012-13 con el Atl\u00e9tico de Madrid. Aquella vez sali\u00f3 como Campe\u00f3n de la Copa del Rey y parti\u00f3 al <strong>M\u00f3naco <\/strong>con 30 goles en la campa\u00f1a, pero una lesi\u00f3n en enero de 2014 lo dej\u00f3 fuera de la Copa del Mundo y hasta ahora no ha podido encontar su nivel.<\/p>\n<p>&#8220;Necesito disponer de minutos, jugar al f\u00fatbol, y luego veremos qu\u00e9 sucede. El <strong>M\u00f3naco<\/strong> quiere ver mi situaci\u00f3n en un a\u00f1o y las posibilidades que hay&#8221;, coment\u00f3 <strong>Falcao<\/strong>, quien tambi\u00e9n confes\u00f3 que pudo haber regresado a River Plate.<\/p>\n<p>&#8220;River se puso en contacto conmigo, pero <strong>M\u00f3naco<\/strong> y <strong>Chelsea<\/strong> ten\u00edan en mente que siguiera en Europa. Despu\u00e9s en febrero me enter\u00e9 que no contaban conmigo e intent\u00e9 ir con ellos (River Plate), pero ya era demasiado tarde&#8221;, confes\u00f3 en entrevista para la cadena Sky Sports.<\/p>\n<p style=\"text-align: center;\"><span style=\"color: #3366ff;\">LEER M\u00c1S:\u00a0<a style=\"color: #3366ff;\" href=\"http:\/\/www.futboltotal.com.mx\/2016\/05\/jugador-del-psg-intimida-a-joven-en-plena-calle\/\">Jugador del PSG intimida a joven en plena calle<\/a><\/span><\/p>\n","protected":false},"excerpt":{"rendered":"<p>El jugador colombiano no pudo brillar en la Premier League<\/p>\n","protected":false},"author":129,"featured_media":394432,"comment_status":"closed","ping_status":"closed","sticky":false,"template":"","format":"standard","meta":[],"categories":[3839,5951],"tags":[5981,6093,652],"_links":{"self":[{"href":"http:\/\/desarrollo.grupomedios.com\/futbol\/wp-json\/wp\/v2\/posts\/396170"}],"collection":[{"href":"http:\/\/desarrollo.grupomedios.com\/futbol\/wp-json\/wp\/v2\/posts"}],"about":[{"href":"http:\/\/desarrollo.grupomedios.com\/futbol\/wp-json\/wp\/v2\/types\/post"}],"author":[{"embeddable":true,"href":"http:\/\/desarrollo.grupomedios.com\/futbol\/wp-json\/wp\/v2\/users\/129"}],"replies":[{"embeddable":true,"href":"http:\/\/desarrollo.grupomedios.com\/futbol\/wp-json\/wp\/v2\/comments?post=396170"}],"version-history":[{"count":0,"href":"http:\/\/desarrollo.grupomedios.com\/futbol\/wp-json\/wp\/v2\/posts\/396170\/revisions"}],"wp:featuredmedia":[{"embeddable":true,"href":"http:\/\/desarrollo.grupomedios.com\/futbol\/wp-json\/wp\/v2\/media\/394432"}],"wp:attachment":[{"href":"http:\/\/desarrollo.grupomedios.com\/futbol\/wp-json\/wp\/v2\/media?parent=396170"}],"wp:term":[{"taxonomy":"category","embeddable":true,"href":"http:\/\/desarrollo.grupomedios.com\/futbol\/wp-json\/wp\/v2\/categories?post=396170"},{"taxonomy":"post_tag","embeddable":true,"href":"http:\/\/desarrollo.grupomedios.com\/futbol\/wp-json\/wp\/v2\/tags?post=396170"}],"curies":[{"name":"wp","href":"https:\/\/api.w.org\/{rel}","templated":true}]}}