{"id":396197,"date":"2016-05-12T11:13:16","date_gmt":"2016-05-12T17:13:16","guid":{"rendered":"http:\/\/www.futboltotal.com.mx\/?p=396197"},"modified":"2016-05-12T11:13:17","modified_gmt":"2016-05-12T17:13:17","slug":"lluvia-estrellas-en-azteca","status":"publish","type":"post","link":"http:\/\/desarrollo.grupomedios.com\/futbol\/futbol-mexicano\/lluvia-estrellas-en-azteca\/2016\/05","title":{"rendered":"Lluvia de estrellas en el Azteca"},"content":{"rendered":"<p>El equipo Leyendas del Futbol Mexicano venci\u00f3 9-8 al conjunto <strong>Estrellas de la FIFA<\/strong>, en partido amistoso que se celebr\u00f3 este mi\u00e9rcoles en el <strong>Estadio Azteca<\/strong>.<\/p>\n<p>El encuentro form\u00f3 parte de la celebraci\u00f3n por el 50 aniversario del Coloso de Santa \u00darsula, inaugurado el 29 de mayo de 1966, y dentro del marco del 66 Congreso de la FIFA, el cual se realiza en la Ciudad de M\u00e9xico.<\/p>\n<p><a href=\"http:\/\/www.futboltotal.com.mx\/2016\/05\/lluvia-estrellas-en-azteca\/juego-de-leyendas-estadio-azteca\/\" rel=\"attachment wp-att-396202\"><img decoding=\"async\" loading=\"lazy\" class=\"aligncenter size-full wp-image-396202\" src=\"http:\/\/www.futboltotal.com.mx\/wp-content\/uploads\/2016\/05\/juego-de-leyendas-estadio-azteca.jpg\" alt=\"juego-de-leyendas-estadio-azteca\" srcset=\"http:\/\/desarrollo.grupomedios.com\/futbol\/wp-content\/uploads\/2016\/05\/juego-de-leyendas-estadio-azteca.jpg 820w, http:\/\/desarrollo.grupomedios.com\/futbol\/wp-content\/uploads\/2016\/05\/juego-de-leyendas-estadio-azteca-300x128.jpg 300w, http:\/\/desarrollo.grupomedios.com\/futbol\/wp-content\/uploads\/2016\/05\/juego-de-leyendas-estadio-azteca-768x328.jpg 768w\" sizes=\"(max-width: 820px) 100vw, 820px\" \/><\/a><\/p>\n<p>El portugu\u00e9s Jos\u00e9 Mourinho fue t\u00e9cnico de las <strong>Estrellas de la FIFA<\/strong>, equipo que fue conformado por el espa\u00f1ol Carles Puyol, Samuel Eto&#8217;o, Figo, Clarence Seedorf, Ronaldinho, entre otros.<\/p>\n<p>En tanto, en el equipo de Leyendas del Futbol Mexicano jugaron <em>Kik\u00edn<\/em> Fonseca, Luis Hern\u00e1ndez, Benjam\u00edn Galindo, Jorge Campos, Oswaldo S\u00e1nchez, Jared Borgetti, Zague, entre otros, y fueron dirigidos por el t\u00e9cnico del <em>Tri<\/em>, el colombiano Juan Carlos Osorio.<\/p>\n<p style=\"text-align: center;\"><span style=\"color: #3366ff;\"><strong><a style=\"color: #3366ff;\" href=\"http:\/\/www.futboltotal.com.mx\/2016\/05\/mourinho-elogio-a-chicharito-hernandez\/\">LEER M\u00c1S: \u00bfRa\u00fal Jim\u00e9nez o Chicharito? Mourinho responde\u2026<\/a><\/strong><\/span><\/p>\n<p>El juego lo gan\u00f3 el combinado <em>azteca<\/em> 9-8, con goles de Borgetti, Fonseca (3), Luis Hern\u00e1ndez (2), Manuel Negrete, Germ\u00e1n Villa y Jorge Campos.<\/p>\n<p>Por las <strong>Estrellas de la FIFA<\/strong> marcaron Figo (2), Pablo Aimar (3), Ronaldinho, Altobelli y Dwight Yorke.<\/p>\n<p><iframe loading=\"lazy\" src=\"https:\/\/www.youtube.com\/embed\/tADUcx_pe0I\" frameborder=\"0\" allowfullscreen=\"allowfullscreen\"><\/iframe><\/p>\n","protected":false},"excerpt":{"rendered":"<p>Duelo de leyendas se disput\u00f3 en el estadio mundialista<\/p>\n","protected":false},"author":20,"featured_media":396201,"comment_status":"closed","ping_status":"closed","sticky":false,"template":"","format":"standard","meta":[],"categories":[2198,5950],"tags":[554,1484,5997],"_links":{"self":[{"href":"http:\/\/desarrollo.grupomedios.com\/futbol\/wp-json\/wp\/v2\/posts\/396197"}],"collection":[{"href":"http:\/\/desarrollo.grupomedios.com\/futbol\/wp-json\/wp\/v2\/posts"}],"about":[{"href":"http:\/\/desarrollo.grupomedios.com\/futbol\/wp-json\/wp\/v2\/types\/post"}],"author":[{"embeddable":true,"href":"http:\/\/desarrollo.grupomedios.com\/futbol\/wp-json\/wp\/v2\/users\/20"}],"replies":[{"embeddable":true,"href":"http:\/\/desarrollo.grupomedios.com\/futbol\/wp-json\/wp\/v2\/comments?post=396197"}],"version-history":[{"count":0,"href":"http:\/\/desarrollo.grupomedios.com\/futbol\/wp-json\/wp\/v2\/posts\/396197\/revisions"}],"wp:featuredmedia":[{"embeddable":true,"href":"http:\/\/desarrollo.grupomedios.com\/futbol\/wp-json\/wp\/v2\/media\/396201"}],"wp:attachment":[{"href":"http:\/\/desarrollo.grupomedios.com\/futbol\/wp-json\/wp\/v2\/media?parent=396197"}],"wp:term":[{"taxonomy":"category","embeddable":true,"href":"http:\/\/desarrollo.grupomedios.com\/futbol\/wp-json\/wp\/v2\/categories?post=396197"},{"taxonomy":"post_tag","embeddable":true,"href":"http:\/\/desarrollo.grupomedios.com\/futbol\/wp-json\/wp\/v2\/tags?post=396197"}],"curies":[{"name":"wp","href":"https:\/\/api.w.org\/{rel}","templated":true}]}}