{"id":396235,"date":"2016-05-12T12:06:59","date_gmt":"2016-05-12T18:06:59","guid":{"rendered":"http:\/\/www.futboltotal.com.mx\/?p=396235"},"modified":"2016-05-12T12:26:19","modified_gmt":"2016-05-12T18:26:19","slug":"11-infame-del-clausura-2016","status":"publish","type":"post","link":"http:\/\/desarrollo.grupomedios.com\/futbol\/futbol-mexicano\/11-infame-del-clausura-2016\/2016\/05","title":{"rendered":"El 11 INFAME del Clausura 2016"},"content":{"rendered":"<p>La fase regular del\u00a0<strong>Clausura 2016\u00a0<\/strong>de la Liga MX dej\u00f3 a varios jugadores con un rendimiento desastroso, por debajo de sus capacidades. Y si bien el trabajo en conjunto es vital para un\u00a0equipo, tambi\u00e9n es cierto que\u00a0un\u00a0desempe\u00f1o individual negativo puede marca costosas\u00a0diferencias.<\/p>\n<p>Por ello,\u00a0te presentamos el\u00a0<strong>11 infame<\/strong>\u00a0de la temporada regular del<strong>\u00a0Clausura 2016<\/strong>:<\/p>\n<p><a href=\"http:\/\/www.futboltotal.com.mx\/2016\/05\/11-infame-del-clausura-2016\/11-infame-clausura-2016\/\" rel=\"attachment wp-att-396238\"><img decoding=\"async\" loading=\"lazy\" class=\"aligncenter size-full wp-image-396238\" src=\"http:\/\/www.futboltotal.com.mx\/wp-content\/uploads\/2016\/05\/11-infame-clausura-2016.jpg\" alt=\"11-infame-clausura-2016\" srcset=\"http:\/\/desarrollo.grupomedios.com\/futbol\/wp-content\/uploads\/2016\/05\/11-infame-clausura-2016.jpg 820w, http:\/\/desarrollo.grupomedios.com\/futbol\/wp-content\/uploads\/2016\/05\/11-infame-clausura-2016-215x300.jpg 215w, http:\/\/desarrollo.grupomedios.com\/futbol\/wp-content\/uploads\/2016\/05\/11-infame-clausura-2016-768x1073.jpg 768w, http:\/\/desarrollo.grupomedios.com\/futbol\/wp-content\/uploads\/2016\/05\/11-infame-clausura-2016-733x1024.jpg 733w\" sizes=\"(max-width: 820px) 100vw, 820px\" \/><\/a><\/p>\n<p>Qu\u00e9 opinas, <em>crack<\/em>. \u00bfQui\u00e9n falt\u00f3, qui\u00e9n no debi\u00f3 ser incluido? Participa con nosotros.<\/p>\n<p><span style=\"color: #ff0000;\"><strong>VIDEO<\/strong>: Los mejores goles del <strong>Clausura 2016<\/strong><\/span><\/p>\n<p>[video_player]https:\/\/player.vimeo.com\/external\/166279403.hd.mp4?s=5d0987315759e81c89e3f9e7fd4a1a5b39eb1870&amp;profile_id=174[\/video_player]<\/p>\n","protected":false},"excerpt":{"rendered":"<p>Tres jugadores de Cruz Azul aparecen en la vergonzosa alineaci\u00f3n<\/p>\n","protected":false},"author":20,"featured_media":396242,"comment_status":"closed","ping_status":"closed","sticky":false,"template":"","format":"standard","meta":[],"categories":[2198,3845,5950],"tags":[5623,6458],"_links":{"self":[{"href":"http:\/\/desarrollo.grupomedios.com\/futbol\/wp-json\/wp\/v2\/posts\/396235"}],"collection":[{"href":"http:\/\/desarrollo.grupomedios.com\/futbol\/wp-json\/wp\/v2\/posts"}],"about":[{"href":"http:\/\/desarrollo.grupomedios.com\/futbol\/wp-json\/wp\/v2\/types\/post"}],"author":[{"embeddable":true,"href":"http:\/\/desarrollo.grupomedios.com\/futbol\/wp-json\/wp\/v2\/users\/20"}],"replies":[{"embeddable":true,"href":"http:\/\/desarrollo.grupomedios.com\/futbol\/wp-json\/wp\/v2\/comments?post=396235"}],"version-history":[{"count":0,"href":"http:\/\/desarrollo.grupomedios.com\/futbol\/wp-json\/wp\/v2\/posts\/396235\/revisions"}],"wp:featuredmedia":[{"embeddable":true,"href":"http:\/\/desarrollo.grupomedios.com\/futbol\/wp-json\/wp\/v2\/media\/396242"}],"wp:attachment":[{"href":"http:\/\/desarrollo.grupomedios.com\/futbol\/wp-json\/wp\/v2\/media?parent=396235"}],"wp:term":[{"taxonomy":"category","embeddable":true,"href":"http:\/\/desarrollo.grupomedios.com\/futbol\/wp-json\/wp\/v2\/categories?post=396235"},{"taxonomy":"post_tag","embeddable":true,"href":"http:\/\/desarrollo.grupomedios.com\/futbol\/wp-json\/wp\/v2\/tags?post=396235"}],"curies":[{"name":"wp","href":"https:\/\/api.w.org\/{rel}","templated":true}]}}