{"id":396244,"date":"2016-05-12T13:48:05","date_gmt":"2016-05-12T19:48:05","guid":{"rendered":"http:\/\/www.futboltotal.com.mx\/?p=396244"},"modified":"2016-05-12T18:45:56","modified_gmt":"2016-05-13T00:45:56","slug":"marchesin-santo-a-millonario","status":"publish","type":"post","link":"http:\/\/desarrollo.grupomedios.com\/futbol\/futbol-mexicano\/marchesin-santo-a-millonario\/2016\/05","title":{"rendered":"Marches\u00edn, \u00bfde santo a millonario?"},"content":{"rendered":"<p><strong>River Plate<\/strong> est\u00e1 en busca de un guardameta para suplir la baja de Marcelo Barovero, quien no seguir\u00e1 en el club para la pr\u00f3xima temporada. En Argentina, la prensa local ha comenzado a especular con los futuribles refuerzos del <em>Trapito<\/em> y entre ellos se encuentra<strong> Agust\u00edn Marches\u00edn<\/strong>, arquero del Santos Laguna de la <strong><a href=\"http:\/\/www.futboltotal.com.mx\/futbol-mexicano\/\">Liga MX<\/a>.<\/strong><\/p>\n<p>El notable desempe\u00f1o de <strong>Marches\u00edn<\/strong> con los <em>Laguneros <\/em>ha valido para que el diario<em> Ol\u00e9<\/em> lo coloque en una encuesta junto a <span class=\"bodySubrayado\">Marcos D\u00edaz (Hurac\u00e1n), Mariano And\u00fajar (Estudiantes) y Franco Armani (Atl\u00e9tico Nacional de Colombia<\/span>) para elegir al gran fichaje que River deber\u00eda realizar en el mercado de transferencias.<\/p>\n<p style=\"text-align: center;\"><span style=\"color: #3366ff;\"><strong><a style=\"color: #3366ff;\" href=\"http:\/\/www.futboltotal.com.mx\/2016\/05\/futbol-estufa-rumbo-al-apertura-2016\/\">LEER MAS: Futbol de Estufa | Apertura 2016 <\/a><\/strong><\/span><\/p>\n<p>Con el 31 por ciento de los votos, el arquero que encabeza las preferencias de la afici\u00f3n de River es Agust\u00edn Batalla, quien ha sido suplente de Barovero. En el segundo pelda\u00f1o aparece <strong>Marches\u00edn<\/strong> con el 20 por ciento de los sufragios y supera a And\u00fajar y D\u00edaz con el 18 y 17 por ciento, respectivamente.<\/p>\n<p><strong>Marches\u00edn<\/strong> , quien jug\u00f3 seis a\u00f1os en Lan\u00fas, aun tiene contrato con el Santos Laguna y por ahora disputa la Liguilla del Clausura 2016. M\u00e1s all\u00e1 de la encuesta, la prensa argentina apunta que s\u00ed interesa a <em>Millonarios,<\/em> pero no han existido contactos con la directiva santista y ser\u00e1 hasta que concluya su participaci\u00f3n en el presente torneo, cuando el club valorar\u00e1 si presenta una oferta formal por su traspaso.<\/p>\n<p>&nbsp;<\/p>\n","protected":false},"excerpt":{"rendered":"<p>En Argentina buscan repatriar al arquero de Santos<\/p>\n","protected":false},"author":20,"featured_media":380499,"comment_status":"closed","ping_status":"closed","sticky":false,"template":"","format":"standard","meta":[],"categories":[2198,3845,5950],"tags":[6118,5972],"_links":{"self":[{"href":"http:\/\/desarrollo.grupomedios.com\/futbol\/wp-json\/wp\/v2\/posts\/396244"}],"collection":[{"href":"http:\/\/desarrollo.grupomedios.com\/futbol\/wp-json\/wp\/v2\/posts"}],"about":[{"href":"http:\/\/desarrollo.grupomedios.com\/futbol\/wp-json\/wp\/v2\/types\/post"}],"author":[{"embeddable":true,"href":"http:\/\/desarrollo.grupomedios.com\/futbol\/wp-json\/wp\/v2\/users\/20"}],"replies":[{"embeddable":true,"href":"http:\/\/desarrollo.grupomedios.com\/futbol\/wp-json\/wp\/v2\/comments?post=396244"}],"version-history":[{"count":0,"href":"http:\/\/desarrollo.grupomedios.com\/futbol\/wp-json\/wp\/v2\/posts\/396244\/revisions"}],"wp:featuredmedia":[{"embeddable":true,"href":"http:\/\/desarrollo.grupomedios.com\/futbol\/wp-json\/wp\/v2\/media\/380499"}],"wp:attachment":[{"href":"http:\/\/desarrollo.grupomedios.com\/futbol\/wp-json\/wp\/v2\/media?parent=396244"}],"wp:term":[{"taxonomy":"category","embeddable":true,"href":"http:\/\/desarrollo.grupomedios.com\/futbol\/wp-json\/wp\/v2\/categories?post=396244"},{"taxonomy":"post_tag","embeddable":true,"href":"http:\/\/desarrollo.grupomedios.com\/futbol\/wp-json\/wp\/v2\/tags?post=396244"}],"curies":[{"name":"wp","href":"https:\/\/api.w.org\/{rel}","templated":true}]}}