{"id":396588,"date":"2016-05-13T11:01:18","date_gmt":"2016-05-13T17:01:18","guid":{"rendered":"http:\/\/www.futboltotal.com.mx\/?p=396588"},"modified":"2016-05-13T11:01:18","modified_gmt":"2016-05-13T17:01:18","slug":"atentado-deja-16-muertos-en-pena-del-real-madrid-en-irak","status":"publish","type":"post","link":"http:\/\/desarrollo.grupomedios.com\/futbol\/futbol-internacional\/atentado-deja-16-muertos-en-pena-del-real-madrid-en-irak\/2016\/05","title":{"rendered":"Atentado deja 16 muertos en pe\u00f1a del Real Madrid en Irak"},"content":{"rendered":"<p>Otra vez la guerra dej\u00f3 una tragedia en el futbol. Este d\u00eda cerca de 16 personas murieron y otras 20 resultaron heridas tras un atentado del grupo terrorista <em><strong>ISIS<\/strong><\/em> en una cafeter\u00eda de aficionados del <strong>Real Madrid<\/strong> en la\u00a0ciudad de Balad, al norte de Bagdad, <strong>Irak<\/strong>.<\/p>\n<p>Los medios espa\u00f1oles y el club, confirmaron el ataque en donde los aficionados\u00a0<em>Merengues\u00a0<\/em>frecuentaban para ver los partidos del equipo.<\/p>\n<p><img decoding=\"async\" loading=\"lazy\" class=\"alignnone size-full wp-image-396590\" src=\"http:\/\/www.futboltotal.com.mx\/wp-content\/uploads\/2016\/05\/atentado.jpg\" alt=\"atentado\" srcset=\"http:\/\/desarrollo.grupomedios.com\/futbol\/wp-content\/uploads\/2016\/05\/atentado.jpg 600w, http:\/\/desarrollo.grupomedios.com\/futbol\/wp-content\/uploads\/2016\/05\/atentado-300x169.jpg 300w, http:\/\/desarrollo.grupomedios.com\/futbol\/wp-content\/uploads\/2016\/05\/atentado-580x325.jpg 580w\" sizes=\"(max-width: 600px) 100vw, 600px\" \/><\/p>\n<p>Los hechos fueron condenados como un acto &#8220;cobarde&#8221;, pues se dice que \u00a0un grupo de miembros pertenecientes a <em><strong>ISIS\u00a0<\/strong><\/em>entr\u00f3 a la sede de la pe\u00f1a cuando estaban reunidos 50 socios y comenzaron a disparar con fusiles AK-47, seg\u00fan declar\u00f3 Ziad Subhan, Presidente de la pe\u00f1a del <strong>Real Madrid<\/strong> en Samara al diario\u00a0<em>As<\/em>.<\/p>\n<p>Subhan tambi\u00e9n explic\u00f3 el motivo por el que <em><strong>ISIS<\/strong><\/em> pudo haber atacado la pe\u00f1a madrile\u00f1a.\u201cNo les gusta el futbol, consideran que es algo anti musulm\u00e1n&#8221;, coment\u00f3.<\/p>\n<p>El <strong>Real Madrid<\/strong> emiti\u00f3 un comunicado en donde extienden su solidaridad con las personas afectadas en <strong>Irak<\/strong>.<\/p>\n<blockquote class=\"twitter-tweet\" data-lang=\"es\">\n<p dir=\"ltr\" lang=\"pt\">Comunicado Oficial.<a href=\"https:\/\/t.co\/919fS0z2FR\">https:\/\/t.co\/919fS0z2FR<\/a><a href=\"https:\/\/twitter.com\/hashtag\/RealMadrid?src=hash\">#RealMadrid<\/a> <a href=\"https:\/\/t.co\/KZRTutGIDJ\">pic.twitter.com\/KZRTutGIDJ<\/a><\/p>\n<p>\u2014 Real Madrid C. F. (@realmadrid) <a href=\"https:\/\/twitter.com\/realmadrid\/status\/731156297207418881\">13 de mayo de 2016<\/a><\/p><\/blockquote>\n<p><script src=\"\/\/platform.twitter.com\/widgets.js\" async=\"\" charset=\"utf-8\"><\/script><\/p>\n","protected":false},"excerpt":{"rendered":"<p>El futbol sufri\u00f3 otra tragedia por culpa de la guerra<\/p>\n","protected":false},"author":20,"featured_media":396589,"comment_status":"closed","ping_status":"closed","sticky":false,"template":"","format":"standard","meta":[],"categories":[3839,5951],"tags":[1227,7094,5988],"_links":{"self":[{"href":"http:\/\/desarrollo.grupomedios.com\/futbol\/wp-json\/wp\/v2\/posts\/396588"}],"collection":[{"href":"http:\/\/desarrollo.grupomedios.com\/futbol\/wp-json\/wp\/v2\/posts"}],"about":[{"href":"http:\/\/desarrollo.grupomedios.com\/futbol\/wp-json\/wp\/v2\/types\/post"}],"author":[{"embeddable":true,"href":"http:\/\/desarrollo.grupomedios.com\/futbol\/wp-json\/wp\/v2\/users\/20"}],"replies":[{"embeddable":true,"href":"http:\/\/desarrollo.grupomedios.com\/futbol\/wp-json\/wp\/v2\/comments?post=396588"}],"version-history":[{"count":0,"href":"http:\/\/desarrollo.grupomedios.com\/futbol\/wp-json\/wp\/v2\/posts\/396588\/revisions"}],"wp:featuredmedia":[{"embeddable":true,"href":"http:\/\/desarrollo.grupomedios.com\/futbol\/wp-json\/wp\/v2\/media\/396589"}],"wp:attachment":[{"href":"http:\/\/desarrollo.grupomedios.com\/futbol\/wp-json\/wp\/v2\/media?parent=396588"}],"wp:term":[{"taxonomy":"category","embeddable":true,"href":"http:\/\/desarrollo.grupomedios.com\/futbol\/wp-json\/wp\/v2\/categories?post=396588"},{"taxonomy":"post_tag","embeddable":true,"href":"http:\/\/desarrollo.grupomedios.com\/futbol\/wp-json\/wp\/v2\/tags?post=396588"}],"curies":[{"name":"wp","href":"https:\/\/api.w.org\/{rel}","templated":true}]}}