{"id":396632,"date":"2016-05-13T14:09:48","date_gmt":"2016-05-13T20:09:48","guid":{"rendered":"http:\/\/www.futboltotal.com.mx\/?p=396632"},"modified":"2016-09-15T17:09:54","modified_gmt":"2016-09-15T22:09:54","slug":"la-aficionada-sexy","status":"publish","type":"post","link":"http:\/\/desarrollo.grupomedios.com\/futbol\/galerias\/la-aficionada-sexy\/2016\/05","title":{"rendered":"\u00bfQu\u00e9 equipo tiene a la aficionada m\u00e1s sexy?"},"content":{"rendered":"<p>Gracias a las redes sociales, los equipos pueden estar m\u00e1s cerca de sus seguidores, algunos de ellos saltan a la fama por el amor que sienten, comentarios graciosos y en el caso de las mujeres por su notable belleza (entre otras cosas). Pero en la guerra de hermosura, hay quienes sobresalen, por eso surge la duda, \u00bf<strong>qu\u00e9<\/strong> <strong>club tiene a la aficionada m\u00e1s atractiva<\/strong>?<\/p>\n<p><script src=\"\/\/cdn.playbuzz.com\/widget\/feed.js\" type=\"text\/javascript\"><\/script><\/p>\n<div class=\"pb_feed\" data-embed-by=\"d43f3879-83ed-40bc-99d7-fde80605466f\" data-game=\"\/futboltotal\/qui-n-tiene-la-aficionada-m-s-sexy\" data-recommend=\"false\" data-game-info=\"false\" data-comments=\"false\"><\/div>\n","protected":false},"excerpt":{"rendered":"<p>Cracks, ay\u00fadanos qu\u00e9 musa presume una belleza de \u00e9lite<\/p>\n","protected":false},"author":20,"featured_media":429399,"comment_status":"closed","ping_status":"closed","sticky":false,"template":"","format":"standard","meta":[],"categories":[5419,6408,5422,3839,3,7025],"tags":[4166,2033],"_links":{"self":[{"href":"http:\/\/desarrollo.grupomedios.com\/futbol\/wp-json\/wp\/v2\/posts\/396632"}],"collection":[{"href":"http:\/\/desarrollo.grupomedios.com\/futbol\/wp-json\/wp\/v2\/posts"}],"about":[{"href":"http:\/\/desarrollo.grupomedios.com\/futbol\/wp-json\/wp\/v2\/types\/post"}],"author":[{"embeddable":true,"href":"http:\/\/desarrollo.grupomedios.com\/futbol\/wp-json\/wp\/v2\/users\/20"}],"replies":[{"embeddable":true,"href":"http:\/\/desarrollo.grupomedios.com\/futbol\/wp-json\/wp\/v2\/comments?post=396632"}],"version-history":[{"count":0,"href":"http:\/\/desarrollo.grupomedios.com\/futbol\/wp-json\/wp\/v2\/posts\/396632\/revisions"}],"wp:featuredmedia":[{"embeddable":true,"href":"http:\/\/desarrollo.grupomedios.com\/futbol\/wp-json\/wp\/v2\/media\/429399"}],"wp:attachment":[{"href":"http:\/\/desarrollo.grupomedios.com\/futbol\/wp-json\/wp\/v2\/media?parent=396632"}],"wp:term":[{"taxonomy":"category","embeddable":true,"href":"http:\/\/desarrollo.grupomedios.com\/futbol\/wp-json\/wp\/v2\/categories?post=396632"},{"taxonomy":"post_tag","embeddable":true,"href":"http:\/\/desarrollo.grupomedios.com\/futbol\/wp-json\/wp\/v2\/tags?post=396632"}],"curies":[{"name":"wp","href":"https:\/\/api.w.org\/{rel}","templated":true}]}}