{"id":396735,"date":"2016-05-14T07:37:40","date_gmt":"2016-05-14T13:37:40","guid":{"rendered":"http:\/\/www.futboltotal.com.mx\/?p=396735"},"modified":"2016-05-14T07:37:41","modified_gmt":"2016-05-14T13:37:41","slug":"miguel-layun-mejor-asistidor-del-portugal","status":"publish","type":"post","link":"http:\/\/desarrollo.grupomedios.com\/futbol\/destacado-home\/miguel-layun-mejor-asistidor-del-portugal\/2016\/05","title":{"rendered":"Miguel Lay\u00fan, un Drag\u00f3n azteca asitidor"},"content":{"rendered":"<p><strong>Miguel Lay\u00fan<\/strong> se despach\u00f3 con una magnifica\u00a0temporada. En su primera campa\u00f1a en la liga de Portugal, el lateral mexicano registr\u00f3 cinco goles y <strong>15 pases de gol<\/strong>. Y en ese sentido, cabe destacar que el <em>Drag\u00f3n azteca<\/em> del <strong>Porto<\/strong> se convirti\u00f3, junto con el argentino Nico Gait\u00e1n del Benfica, en el mejor asistidor de\u00a0la competencia.<\/p>\n<p><a href=\"http:\/\/www.futboltotal.com.mx\/2016\/05\/miguel-layun-mejor-asistidor-del-portugal\/miguel-layun-dragon-asisitidor\/\" rel=\"attachment wp-att-396744\"><img decoding=\"async\" loading=\"lazy\" class=\"aligncenter size-full wp-image-396744\" src=\"http:\/\/www.futboltotal.com.mx\/wp-content\/uploads\/2016\/05\/MIGUEL-LAYUN-dragon-asisitidor.jpg\" alt=\"MIGUEL-LAYUN-dragon-asisitidor\" srcset=\"http:\/\/desarrollo.grupomedios.com\/futbol\/wp-content\/uploads\/2016\/05\/MIGUEL-LAYUN-dragon-asisitidor.jpg 940w, http:\/\/desarrollo.grupomedios.com\/futbol\/wp-content\/uploads\/2016\/05\/MIGUEL-LAYUN-dragon-asisitidor-207x300.jpg 207w, http:\/\/desarrollo.grupomedios.com\/futbol\/wp-content\/uploads\/2016\/05\/MIGUEL-LAYUN-dragon-asisitidor-768x1112.jpg 768w, http:\/\/desarrollo.grupomedios.com\/futbol\/wp-content\/uploads\/2016\/05\/MIGUEL-LAYUN-dragon-asisitidor-707x1024.jpg 707w\" sizes=\"(max-width: 940px) 100vw, 940px\" \/><\/a><\/p>\n<p>Este s\u00e1bado, el <strong>Porto<\/strong> abri\u00f3 la \u00faltima jornada de la Liga de Portugal. Y en el duelo ante el Boavista, <strong>Miguel Lay\u00fan<\/strong> se despach\u00f3 con un golazo. Al final, los <em>Dragones<\/em> terminaron la temporada en la tercera posici\u00f3n, con 73 puntos.<\/p>\n<p style=\"text-align: center;\"><span style=\"color: #3366ff;\"><strong><a style=\"color: #3366ff;\" href=\"http:\/\/www.futboltotal.com.mx\/2016\/05\/layun-anota-golazo-porto\/\">VER M\u00c1S: \u00a1Lay\u00fan anota GOLAZO con Porto!<\/a><\/strong><\/span><\/p>\n<p>El excelente torneo efectuado por\u00a0<strong><a href=\"http:\/\/www.futboltotal.com.mx\/?s=LAY%C3%9AN\">Miguel Lay\u00fan<\/a><\/strong>\u00a0con el\u00a0<strong>Porto<\/strong>\u00a0tendr\u00eda su recompensa. Y es que la directiva de los\u00a0<em>Dragones<\/em>\u00a0ejercer\u00e1, de acuerdo a medios portugueses, la compra, por siete millones de d\u00f3lares, del futbolista mexicano.<\/p>\n<p>En ese contexto, los <em>Dragones<\/em>\u00a0consideran que la situaci\u00f3n con <strong>Miguel Lay\u00fan<\/strong> es positiva desde cualquier arista: plenitud futbol\u00edstica, compra de bajo precio y una venta que podr\u00eda ser grande en cifras dependiendo el club de destino. <a href=\"http:\/\/www.futboltotal.com.mx\/2016\/03\/real-madrid-busca-a-miguel-layun\/\" target=\"_blank\">Uno de los clubes con los que se ha vinculado al de C\u00f3rdoba en los \u00faltimos d\u00edas es el Real Madrid<\/a>, al que llegar\u00eda como reemplazo de Marcelo, o bien, para alternar encuentros con el brasile\u00f1o.<\/p>\n","protected":false},"excerpt":{"rendered":"<p>El lateral mexicano es el mejor asistidor de la liga de Portugal<\/p>\n","protected":false},"author":20,"featured_media":396740,"comment_status":"closed","ping_status":"closed","sticky":false,"template":"","format":"standard","meta":[],"categories":[5,3839,6718],"tags":[4545,1035],"_links":{"self":[{"href":"http:\/\/desarrollo.grupomedios.com\/futbol\/wp-json\/wp\/v2\/posts\/396735"}],"collection":[{"href":"http:\/\/desarrollo.grupomedios.com\/futbol\/wp-json\/wp\/v2\/posts"}],"about":[{"href":"http:\/\/desarrollo.grupomedios.com\/futbol\/wp-json\/wp\/v2\/types\/post"}],"author":[{"embeddable":true,"href":"http:\/\/desarrollo.grupomedios.com\/futbol\/wp-json\/wp\/v2\/users\/20"}],"replies":[{"embeddable":true,"href":"http:\/\/desarrollo.grupomedios.com\/futbol\/wp-json\/wp\/v2\/comments?post=396735"}],"version-history":[{"count":0,"href":"http:\/\/desarrollo.grupomedios.com\/futbol\/wp-json\/wp\/v2\/posts\/396735\/revisions"}],"wp:featuredmedia":[{"embeddable":true,"href":"http:\/\/desarrollo.grupomedios.com\/futbol\/wp-json\/wp\/v2\/media\/396740"}],"wp:attachment":[{"href":"http:\/\/desarrollo.grupomedios.com\/futbol\/wp-json\/wp\/v2\/media?parent=396735"}],"wp:term":[{"taxonomy":"category","embeddable":true,"href":"http:\/\/desarrollo.grupomedios.com\/futbol\/wp-json\/wp\/v2\/categories?post=396735"},{"taxonomy":"post_tag","embeddable":true,"href":"http:\/\/desarrollo.grupomedios.com\/futbol\/wp-json\/wp\/v2\/tags?post=396735"}],"curies":[{"name":"wp","href":"https:\/\/api.w.org\/{rel}","templated":true}]}}