{"id":396757,"date":"2016-05-14T08:25:55","date_gmt":"2016-05-14T14:25:55","guid":{"rendered":"http:\/\/www.futboltotal.com.mx\/?p=396757"},"modified":"2016-05-14T08:25:55","modified_gmt":"2016-05-14T14:25:55","slug":"tristisimo-cierre-temporada-marco-fabian","status":"publish","type":"post","link":"http:\/\/desarrollo.grupomedios.com\/futbol\/futbol-internacional\/tristisimo-cierre-temporada-marco-fabian\/2016\/05","title":{"rendered":"Trist\u00edsimo cierre de temporada para Marco Fabi\u00e1n"},"content":{"rendered":"<p>En este momento, el <b>Eintracht Frankfurt<\/b> se mide ante el Werder Bremen, en crucial juego por mantener la permanencia en la Bundesliga.\u00a0Sin embargo, para este partido, <b>Marco Fabi\u00e1n<\/b> no fue considerado.\u00a0Y as\u00ed, el volante mexicano vivir\u00e1 el \u00faltimo encuentro de la Bundesliga desde la tribuna.<\/p>\n<p>Queda claro que Niko Kovac, t\u00e9cnico del <b>Eintracht Frankfurt<\/b>, no cuenta con <b>Marco Fabi\u00e1n<\/b>, quien fue borrado desde que el entrenador croata tom\u00f3 la direcci\u00f3n t\u00e9cnica de las <i>\u00c1guilas<\/i>, pues tras ser habitual en el esquema de Armin Veh, sus apariciones con\u00a0el primer equipo\u00a0se esfumaron\u00a0notable.<\/p>\n<p style=\"text-align: center;\"><span style=\"color: #3366ff;\"><strong><a style=\"color: #3366ff;\" href=\"http:\/\/www.futboltotal.com.mx\/2016\/04\/marco-fabian-mexicanos-descendieron-en-europa\/\">LEER M\u00c1S: Mexicanos que descendieron en Europa<\/a><\/strong><\/span><\/p>\n<p>Desde la llegada del Kovac, <b>Marco Fabi\u00e1n<\/b> s\u00f3lo disput\u00f3 91 minutos, se qued\u00f3 en la banca en tres duelos y fuera de convocatoria en la misma cantidad de ocasiones.\u00a0En tanto, con Veh al frente del tim\u00f3n del <b>Eintracht Frankfurt<\/b>, el canterano de las Chivas disput\u00f3 ocho partidos, acumul\u00f3 657 minutos y registr\u00f3 tres asistencias.<\/p>\n<p>Sobre su continuidad en el equipo alem\u00e1n, cabe apuntar que gracias a una cl\u00e1usula en su contrato, el jugador mexicano\u00a0no est\u00e1 obligado a formar parte de la plantilla del conjunto\u00a0<em>rojinegro<\/em>\u00a0si este pierde\u00a0la\u00a0categor\u00eda, por eso tendr\u00eda oportunidad de buscar acomodo libremente, seg\u00fan public\u00f3 hace unas semanas\u00a0<em>ESPN<\/em>.<\/p>\n","protected":false},"excerpt":{"rendered":"<p>El mexicano no fue convocado para el \u00faltimo encuentro de la Bundesliga<\/p>\n","protected":false},"author":20,"featured_media":396758,"comment_status":"closed","ping_status":"closed","sticky":false,"template":"","format":"standard","meta":[],"categories":[3839,6822,6718,5951],"tags":[131,4545],"_links":{"self":[{"href":"http:\/\/desarrollo.grupomedios.com\/futbol\/wp-json\/wp\/v2\/posts\/396757"}],"collection":[{"href":"http:\/\/desarrollo.grupomedios.com\/futbol\/wp-json\/wp\/v2\/posts"}],"about":[{"href":"http:\/\/desarrollo.grupomedios.com\/futbol\/wp-json\/wp\/v2\/types\/post"}],"author":[{"embeddable":true,"href":"http:\/\/desarrollo.grupomedios.com\/futbol\/wp-json\/wp\/v2\/users\/20"}],"replies":[{"embeddable":true,"href":"http:\/\/desarrollo.grupomedios.com\/futbol\/wp-json\/wp\/v2\/comments?post=396757"}],"version-history":[{"count":0,"href":"http:\/\/desarrollo.grupomedios.com\/futbol\/wp-json\/wp\/v2\/posts\/396757\/revisions"}],"wp:featuredmedia":[{"embeddable":true,"href":"http:\/\/desarrollo.grupomedios.com\/futbol\/wp-json\/wp\/v2\/media\/396758"}],"wp:attachment":[{"href":"http:\/\/desarrollo.grupomedios.com\/futbol\/wp-json\/wp\/v2\/media?parent=396757"}],"wp:term":[{"taxonomy":"category","embeddable":true,"href":"http:\/\/desarrollo.grupomedios.com\/futbol\/wp-json\/wp\/v2\/categories?post=396757"},{"taxonomy":"post_tag","embeddable":true,"href":"http:\/\/desarrollo.grupomedios.com\/futbol\/wp-json\/wp\/v2\/tags?post=396757"}],"curies":[{"name":"wp","href":"https:\/\/api.w.org\/{rel}","templated":true}]}}