{"id":396932,"date":"2016-05-14T20:37:05","date_gmt":"2016-05-15T02:37:05","guid":{"rendered":"http:\/\/www.futboltotal.com.mx\/?p=396932"},"modified":"2016-05-14T20:37:07","modified_gmt":"2016-05-15T02:37:07","slug":"explota-tuca-ferretti","status":"publish","type":"post","link":"http:\/\/desarrollo.grupomedios.com\/futbol\/futbol-mexicano\/explota-tuca-ferretti\/2016\/05","title":{"rendered":"\u00a1Explota el Tuca Ferretti!"},"content":{"rendered":"<p>Tras la eliminaci\u00f3n de <strong>Tigres<\/strong> del Clauusra 2016, luego de ser eliminado por Monterrey en los Cuartos de Final, <strong>Ricardo Ferretti<\/strong>, entrenador del cuadro universitario, atendi\u00f3 a los medios de comunicaci\u00f3n. Y a\u00fan con las pulsaciones a tope, el <em>Tuca<\/em> explot\u00f3 contra un reportero.<\/p>\n<blockquote class=\"twitter-tweet\" data-lang=\"es\">\n<p dir=\"ltr\" lang=\"es\">VIDEO: Truena &#8220;Tuca&#8221; durante la conferencia. <a href=\"https:\/\/t.co\/t9ceEwjcSq\">pic.twitter.com\/t9ceEwjcSq<\/a><\/p>\n<p>\u2014 CANCHA (@CANCHAELNORTE) <a href=\"https:\/\/twitter.com\/CANCHAELNORTE\/status\/731669860594278404\">15 de mayo de 2016<\/a><\/p><\/blockquote>\n<p><script src=\"\/\/platform.twitter.com\/widgets.js\" async=\"\" charset=\"utf-8\"><\/script><\/p>\n<p>Sobre la reacci\u00f3n del <em>Tuca<\/em> <strong>Ferretti<\/strong>, cabe apuntar que el entrenador brasile\u00f1o tiene la costumbre de cederle la primera pregunta de las conferencias de medios que ofrece a una periodista, situaci\u00f3n que un reportero quizo eludir en esta oportunidad. Y s\u00ed, el entrenador de <strong>Tigres<\/strong> no lo permiti\u00f3.<\/p>\n<p>&#8220;Con la expulsi\u00f3n todo se vino abajo&#8221;, dijo el <em>Tuca<\/em> tras regresar a la comparecencia ante los medios de comunicaci\u00f3n. &#8220;Para m\u00ed no es justa la expulsi\u00f3n (de Juninho)&#8221;, agreg\u00f3 <strong>Ricardo Ferretti<\/strong>.<\/p>\n<p>&#8220;Monterrey no necesita de nadie. Nosotros nos sentimos perjudicados&#8221;, apunt\u00f3 Ferretti, al tiempo explic\u00f3 que al sacar la cartera -cuando fue expulsado- lo que quiso hacer fue expulsar a Francisco Chac\u00f3n, el \u00e1rbitro central del partido, por su decisi\u00f3n de echar a Juninho.<\/p>\n<p><a href=\"http:\/\/www.futboltotal.com.mx\/2016\/05\/explota-tuca-ferretti\/tuca-arbitro-tarjeta\/\" rel=\"attachment wp-att-396942\"><img decoding=\"async\" loading=\"lazy\" class=\"aligncenter size-full wp-image-396942\" src=\"http:\/\/www.futboltotal.com.mx\/wp-content\/uploads\/2016\/05\/tuca-arbitro-tarjeta.jpg\" alt=\"tuca-arbitro-tarjeta\" srcset=\"http:\/\/desarrollo.grupomedios.com\/futbol\/wp-content\/uploads\/2016\/05\/tuca-arbitro-tarjeta.jpg 709w, http:\/\/desarrollo.grupomedios.com\/futbol\/wp-content\/uploads\/2016\/05\/tuca-arbitro-tarjeta-300x204.jpg 300w\" sizes=\"(max-width: 709px) 100vw, 709px\" \/><\/a><em><br \/>\n<\/em><\/p>\n","protected":false},"excerpt":{"rendered":"<p>&#8220;Con la expulsi\u00f3n todo se vino abajo&#8221;, dijo el DT de Tigres<\/p>\n","protected":false},"author":20,"featured_media":396940,"comment_status":"closed","ping_status":"closed","sticky":false,"template":"","format":"standard","meta":[],"categories":[2198,3845,5950],"tags":[5973,258],"_links":{"self":[{"href":"http:\/\/desarrollo.grupomedios.com\/futbol\/wp-json\/wp\/v2\/posts\/396932"}],"collection":[{"href":"http:\/\/desarrollo.grupomedios.com\/futbol\/wp-json\/wp\/v2\/posts"}],"about":[{"href":"http:\/\/desarrollo.grupomedios.com\/futbol\/wp-json\/wp\/v2\/types\/post"}],"author":[{"embeddable":true,"href":"http:\/\/desarrollo.grupomedios.com\/futbol\/wp-json\/wp\/v2\/users\/20"}],"replies":[{"embeddable":true,"href":"http:\/\/desarrollo.grupomedios.com\/futbol\/wp-json\/wp\/v2\/comments?post=396932"}],"version-history":[{"count":0,"href":"http:\/\/desarrollo.grupomedios.com\/futbol\/wp-json\/wp\/v2\/posts\/396932\/revisions"}],"wp:featuredmedia":[{"embeddable":true,"href":"http:\/\/desarrollo.grupomedios.com\/futbol\/wp-json\/wp\/v2\/media\/396940"}],"wp:attachment":[{"href":"http:\/\/desarrollo.grupomedios.com\/futbol\/wp-json\/wp\/v2\/media?parent=396932"}],"wp:term":[{"taxonomy":"category","embeddable":true,"href":"http:\/\/desarrollo.grupomedios.com\/futbol\/wp-json\/wp\/v2\/categories?post=396932"},{"taxonomy":"post_tag","embeddable":true,"href":"http:\/\/desarrollo.grupomedios.com\/futbol\/wp-json\/wp\/v2\/tags?post=396932"}],"curies":[{"name":"wp","href":"https:\/\/api.w.org\/{rel}","templated":true}]}}