{"id":396977,"date":"2016-05-15T07:32:24","date_gmt":"2016-05-15T13:32:24","guid":{"rendered":"http:\/\/www.futboltotal.com.mx\/?p=396977"},"modified":"2016-05-15T09:42:32","modified_gmt":"2016-05-15T15:42:32","slug":"gran-cierre-de-ochoa-y-malaga-en-la-liga","status":"publish","type":"post","link":"http:\/\/desarrollo.grupomedios.com\/futbol\/destacado-home\/gran-cierre-de-ochoa-y-malaga-en-la-liga\/2016\/05","title":{"rendered":"Gran cierre de Ochoa y M\u00e1laga en la liga"},"content":{"rendered":"<p>Contrario a lo que parec\u00eda al principio de temporada cuando comenz\u00f3 en la banca, el portero mexicano <strong>Guillermo Ochoa<\/strong>, termin\u00f3 la campa\u00f1a con una gran actuaci\u00f3n en la goleada del <strong>M\u00e1laga<\/strong> ante Las Palmas por 4-1.<\/p>\n<p>Desde su regreso a las canchas por la lesi\u00f3n de Carlos Kameni, el mexicano ha demostrado los motivos por lo que fue llevado a Europa. En el cierre de la Liga de Espa\u00f1a no fue la excepci\u00f3n y\u00a0<em><strong>Memo<\/strong>\u00a0<\/em>termin\u00f3 con otra soberbia actuaci\u00f3n, misma que le vali\u00f3 ser elegido\u00a0el hombre del partido.<\/p>\n<blockquote class=\"twitter-tweet\" data-lang=\"es\">\n<p dir=\"ltr\" lang=\"es\">MVP| \u00a1Malaguista, ay\u00fadanos a elegir al jugador m\u00e1s destacado del partido! <a href=\"https:\/\/twitter.com\/hashtag\/MCFvLPA?src=hash\">#MCFvLPA<\/a> <a href=\"https:\/\/twitter.com\/hashtag\/MCFLive?src=hash\">#MCFLive<\/a><\/p>\n<p>\u2014 M\u00e1laga CF (@MalagaCF) <a href=\"https:\/\/twitter.com\/MalagaCF\/status\/731812492515627012\">15 de mayo de 2016<\/a><\/p><\/blockquote>\n<p><script src=\"\/\/platform.twitter.com\/widgets.js\" async=\"\" charset=\"utf-8\"><\/script><\/p>\n<p>El <strong>M\u00e1laga<\/strong> domin\u00f3 desde el comienzo del partido y se fue adelante en el marcador, pero despu\u00e9s los ataques de los delantero de Las Palmas, El Zhar y Tana, pusieron a prueba la capacidad de <strong>Ochoa<\/strong>, a las que el mexicano respondi\u00f3 con grandes atajadas.<\/p>\n<blockquote class=\"twitter-tweet\" data-lang=\"es\"><p>\n1-1 Min41| \u00a1BUENA DOBLE INTERVENCI\u00d3N DE <a href=\"https:\/\/twitter.com\/yosoy8a\">@yosoy8a<\/a>! Resolvi\u00f3 muy ante los disparos de El Zhar y Tana. <a href=\"https:\/\/twitter.com\/hashtag\/MCFvLPA?src=hash\">#MCFvLPA<\/a> <a href=\"https:\/\/twitter.com\/hashtag\/MCFLive?src=hash\">#MCFLive<\/a><\/p>\n<p>\u2014 M\u00e1laga CF (@MalagaCF) <a href=\"https:\/\/twitter.com\/MalagaCF\/status\/731796830846124033\">15 de mayo de 2016<\/a>\n<\/p><\/blockquote>\n<p><script src=\"\/\/platform.twitter.com\/widgets.js\" async=\"\" charset=\"utf-8\"><\/script><\/p>\n<p>En la segunda mitad y con el marcador a favor del equipo blanquiazul, el cancerbero <em>azteca<\/em> record\u00f3 su atajada a Neymar en la Copa del Mundo al lanzar un espectacular manotazo para evitar el empate tras un remate de El Zhar.<\/p>\n<blockquote class=\"twitter-tweet\" data-lang=\"es\"><p><a href=\"https:\/\/twitter.com\/hashtag\/MCFvLPA?src=hash\">#MCFvLPA<\/a> | 2-1 | 80&#8242; | ? Y parec\u00eda f\u00e1cil&#8230; \u00a1vaya mano de Ochoa! <a href=\"https:\/\/twitter.com\/hashtag\/Liga?src=hash\">#Liga<\/a><a href=\"https:\/\/t.co\/gp97CUykql\">pic.twitter.com\/gp97CUykql<\/a><\/p>\n<p>\u2014 Desmarque M\u00e1laga CF (@eldesmarque_mcf) <a href=\"https:\/\/twitter.com\/eldesmarque_mcf\/status\/731810610128822272\">15 de mayo de 2016<\/a><\/p><\/blockquote>\n<p>Con este partido, Guillermo Ochoa\u00a0termina su segunda temporada con el M\u00e1laga disputando \u00a011 juegos en La Liga, \u00a0donde acumul\u00f3 \u00a0954 minutos y diez goles en contra, casi uno por juego.<\/p>\n<p><script src=\"\/\/platform.twitter.com\/widgets.js\" async=\"\" charset=\"utf-8\"><\/script><\/p>\n<p><iframe loading=\"lazy\" src=\"https:\/\/www.youtube.com\/embed\/xGon8Q0gjrI\" frameborder=\"0\" allowfullscreen=\"allowfullscreen\"><\/iframe><\/p>\n","protected":false},"excerpt":{"rendered":"<p>El mexicano cerr\u00f3 su participaci\u00f3n como el mejor del partido<\/p>\n","protected":false},"author":129,"featured_media":386974,"comment_status":"closed","ping_status":"closed","sticky":false,"template":"","format":"standard","meta":[],"categories":[5,3839,6718],"tags":[5991,1913,306],"_links":{"self":[{"href":"http:\/\/desarrollo.grupomedios.com\/futbol\/wp-json\/wp\/v2\/posts\/396977"}],"collection":[{"href":"http:\/\/desarrollo.grupomedios.com\/futbol\/wp-json\/wp\/v2\/posts"}],"about":[{"href":"http:\/\/desarrollo.grupomedios.com\/futbol\/wp-json\/wp\/v2\/types\/post"}],"author":[{"embeddable":true,"href":"http:\/\/desarrollo.grupomedios.com\/futbol\/wp-json\/wp\/v2\/users\/129"}],"replies":[{"embeddable":true,"href":"http:\/\/desarrollo.grupomedios.com\/futbol\/wp-json\/wp\/v2\/comments?post=396977"}],"version-history":[{"count":0,"href":"http:\/\/desarrollo.grupomedios.com\/futbol\/wp-json\/wp\/v2\/posts\/396977\/revisions"}],"wp:featuredmedia":[{"embeddable":true,"href":"http:\/\/desarrollo.grupomedios.com\/futbol\/wp-json\/wp\/v2\/media\/386974"}],"wp:attachment":[{"href":"http:\/\/desarrollo.grupomedios.com\/futbol\/wp-json\/wp\/v2\/media?parent=396977"}],"wp:term":[{"taxonomy":"category","embeddable":true,"href":"http:\/\/desarrollo.grupomedios.com\/futbol\/wp-json\/wp\/v2\/categories?post=396977"},{"taxonomy":"post_tag","embeddable":true,"href":"http:\/\/desarrollo.grupomedios.com\/futbol\/wp-json\/wp\/v2\/tags?post=396977"}],"curies":[{"name":"wp","href":"https:\/\/api.w.org\/{rel}","templated":true}]}}