{"id":397033,"date":"2016-05-15T13:38:56","date_gmt":"2016-05-15T19:38:56","guid":{"rendered":"http:\/\/www.futboltotal.com.mx\/?p=397033"},"modified":"2016-05-15T13:43:36","modified_gmt":"2016-05-15T19:43:36","slug":"jona-villarreal-ayudan-a-la-peremanencia-del-gijon","status":"publish","type":"post","link":"http:\/\/desarrollo.grupomedios.com\/futbol\/futbol-internacional\/jona-villarreal-ayudan-a-la-peremanencia-del-gijon\/2016\/05","title":{"rendered":"Jona y Villarreal ayudan a la peremanencia del Gij\u00f3n"},"content":{"rendered":"<p>El <strong>Villarreal<\/strong> de <strong>Jonathan Dos Santos<\/strong> cay\u00f3 este domingo en su vista al Sporting de Gij\u00f3n por 2-0 y termin\u00f3 como cuarto lugar de la Tabla General de la liga de Espa\u00f1a.<\/p>\n<p>Por otra parte, el <strong>Sporting<\/strong> consigui\u00f3 su permanencia un a\u00f1o m\u00e1s en la\u00a0<em>Liga de las estrellas<\/em>, pues peleaba el descenso con el Rayo Vallecano, que a pesar de su triunfo, depend\u00eda del resultado de este partido para la permanencia.<\/p>\n<blockquote class=\"twitter-tweet\" data-lang=\"es\">\n<p lang=\"es\" dir=\"ltr\"><a href=\"https:\/\/twitter.com\/hashtag\/RSGvVIL?src=hash\">#RSGvVIL<\/a> \u00a1\u00a1S\u00ed, se pudo!! El Sporting gana al <a href=\"https:\/\/twitter.com\/VillarrealCF\">@VillarrealCF<\/a> y se queda en Primera (2-0). \u00a1Gracias, afici\u00f3n! <a href=\"https:\/\/twitter.com\/hashtag\/RSGlive?src=hash\">#RSGlive<\/a> <a href=\"https:\/\/t.co\/858vJaRIjU\">https:\/\/t.co\/858vJaRIjU<\/a><\/p>\n<p>&mdash; Real Sporting (@RealSporting) <a href=\"https:\/\/twitter.com\/RealSporting\/status\/731926479219658752\">15 de mayo de 2016<\/a><\/p><\/blockquote>\n<p><script async src=\"\/\/platform.twitter.com\/widgets.js\" charset=\"utf-8\"><\/script><br \/>\nEl Sporting se fue r\u00e1pidamente adelante en el marcador con gol de Jony al minuto siete, y aunque el Villarreal quiso reaccionar r\u00e1pido, la delantera conformada por Leo Baptistao y Samuel no estuvo fina.<\/p>\n<p>En el segundo tiempo, Sergio \u00c1lvarez sentenci\u00f3 el partido con tiro de derecha desde afuera del \u00e1rea para marcar el 2-0 definitivo.<\/p>\n<p style=\"text-align: center;\"><span style=\"color: #3366ff;\">LEER M\u00c1S:\u00a0<a style=\"color: #3366ff;\" href=\"http:\/\/www.futboltotal.com.mx\/2016\/05\/gran-cierre-de-ochoa-y-malaga-en-la-liga\/\">Gran cierre de Ochoa y M\u00e1laga en la liga<\/a><\/span><\/p>\n<p><strong>Jonathan Dos Santos<\/strong> jug\u00f3 los 90 minutos del encuentro, pero no pudo hacer nada para evitar la derrota del <em>Submarino Amarillo<\/em>, que se quedar\u00e1 con 64 puntos y a la espera de lo que haga el Sevilla en la Europa League para saber si juegan Fase Previa de Champions.<\/p>\n<p>Con este \u00faltimo partido, el menor de los <strong>Dos Santos<\/strong> termin\u00f3 con 26 de 38 \u00a0partidos en la temporada y acumul\u00f3 1762 minutos en lo que es su segunda campa\u00f1a con el <strong>Villarreal<\/strong>.<\/p>\n","protected":false},"excerpt":{"rendered":"<p>Villarreal finaliz\u00f3 cuarto de la Liga de Espa\u00f1a<\/p>\n","protected":false},"author":20,"featured_media":348409,"comment_status":"closed","ping_status":"closed","sticky":false,"template":"","format":"standard","meta":[],"categories":[3839,6718,5951],"tags":[48,7101,2607],"_links":{"self":[{"href":"http:\/\/desarrollo.grupomedios.com\/futbol\/wp-json\/wp\/v2\/posts\/397033"}],"collection":[{"href":"http:\/\/desarrollo.grupomedios.com\/futbol\/wp-json\/wp\/v2\/posts"}],"about":[{"href":"http:\/\/desarrollo.grupomedios.com\/futbol\/wp-json\/wp\/v2\/types\/post"}],"author":[{"embeddable":true,"href":"http:\/\/desarrollo.grupomedios.com\/futbol\/wp-json\/wp\/v2\/users\/20"}],"replies":[{"embeddable":true,"href":"http:\/\/desarrollo.grupomedios.com\/futbol\/wp-json\/wp\/v2\/comments?post=397033"}],"version-history":[{"count":0,"href":"http:\/\/desarrollo.grupomedios.com\/futbol\/wp-json\/wp\/v2\/posts\/397033\/revisions"}],"wp:featuredmedia":[{"embeddable":true,"href":"http:\/\/desarrollo.grupomedios.com\/futbol\/wp-json\/wp\/v2\/media\/348409"}],"wp:attachment":[{"href":"http:\/\/desarrollo.grupomedios.com\/futbol\/wp-json\/wp\/v2\/media?parent=397033"}],"wp:term":[{"taxonomy":"category","embeddable":true,"href":"http:\/\/desarrollo.grupomedios.com\/futbol\/wp-json\/wp\/v2\/categories?post=397033"},{"taxonomy":"post_tag","embeddable":true,"href":"http:\/\/desarrollo.grupomedios.com\/futbol\/wp-json\/wp\/v2\/tags?post=397033"}],"curies":[{"name":"wp","href":"https:\/\/api.w.org\/{rel}","templated":true}]}}